{"id":844,"date":"2017-01-24T21:28:00","date_gmt":"2017-01-24T20:28:00","guid":{"rendered":""},"modified":"2017-03-12T18:26:22","modified_gmt":"2017-03-12T17:26:22","slug":"celebrem-la-castanyada-i-halloween","status":"publish","type":"post","link":"https:\/\/agora.xtec.cat\/escolacollserolacerdanyola\/portadageneral\/celebrem-la-castanyada-i-halloween\/","title":{"rendered":"CELEBREM LA CASTANYADA I HALLOWEEN"},"content":{"rendered":"<p><span style=\"font-family: &quot;verdana&quot; , sans-serif;\">Amb motiu del dia de la <b>Castanyada<\/b>, els alumnes de Cicle Inicial vam preparar els&nbsp;<b>tastets de tardor<\/b> amb diversos ingredients i fruits t\u00edpics d&#8217;aquesta \u00e8poca i ho vam voler <b>compartir<\/b> amb els <b>nostres amics<\/b> i companys de P3, P4 i P5 en un esmorzar conjunt al pati. Ells van preparar uns panellets bon\u00edssims, tamb\u00e9!! Nyaaaaam, nyaaaaaam!!<\/span><br \/><span style=\"font-family: &quot;verdana&quot; , sans-serif;\"><br \/><\/span><span style=\"font-family: &quot;verdana&quot; , sans-serif;\">A la tarda, ens vam disfressar i vam ajuntar-nos tots els alumnes de Prim\u00e0ria per celebrar <b>Halloween<\/b> i cantar 3 can\u00e7ons en angl\u00e8s! Va ser molt divertit i una mica terror\u00edfiiiiiiic!!!&nbsp;<\/span><br \/><span style=\"font-family: &quot;verdana&quot; , sans-serif;\"><br \/><\/span><\/p>\n<div style=\"clear: both; text-align: center;\"><a href=\"http:\/\/agora.xtec.cat\/escolacollserolacerdanyola\/wp-content\/uploads\/usu1390\/2017\/01\/Imagen-2B019.jpg\" style=\"margin-left: 1em; margin-right: 1em;\"><img loading=\"lazy\" decoding=\"async\" border=\"0\" height=\"240\" src=\"http:\/\/agora.xtec.cat\/escolacollserolacerdanyola\/wp-content\/uploads\/usu1390\/2017\/01\/Imagen-2B019-300x225.jpg\" width=\"320\" \/><\/a><\/div>\n<div style=\"clear: both; text-align: center;\"><\/div>\n<div style=\"clear: both; text-align: center;\"><\/div>\n<div style=\"clear: both; text-align: justify;\"><\/div>\n<div style=\"clear: both; text-align: justify;\"><a href=\"https:\/\/goo.gl\/photos\/ySij4emkLtAdvfJH6\" target=\"_blank\"><span style=\"font-family: &quot;trebuchet ms&quot; , sans-serif;\">Cliqueu aqu\u00ed per veure totes les imatges!<\/span><\/a><\/div>\n<p><span style=\"font-family: &quot;verdana&quot; , sans-serif;\"><br \/><\/span><\/p>\n","protected":false},"excerpt":{"rendered":"<p>Amb motiu del dia de la Castanyada, els alumnes de Cicle Inicial vam preparar els&nbsp;tastets de tardor amb diversos ingredients i fruits t\u00edpics d&#8217;aquesta \u00e8poca i ho vam voler compartir amb els nostres amics i companys de P3, P4 i P5 en un esmorzar conjunt&hellip;  <a href=\"https:\/\/agora.xtec.cat\/escolacollserolacerdanyola\/portadageneral\/celebrem-la-castanyada-i-halloween\/\" title=\"Read CELEBREM LA CASTANYADA I HALLOWEEN\">Llegeix m\u00e9s\u00bb<\/a><\/p>\n","protected":false},"author":7,"featured_media":900,"comment_status":"open","ping_status":"closed","sticky":false,"template":"","format":"standard","meta":{"_bbp_topic_count":0,"_bbp_reply_count":0,"_bbp_total_topic_count":0,"_bbp_total_reply_count":0,"_bbp_voice_count":0,"_bbp_anonymous_reply_count":0,"_bbp_topic_count_hidden":0,"_bbp_reply_count_hidden":0,"_bbp_forum_subforum_count":0,"footnotes":""},"categories":[1],"tags":[83],"class_list":["post-844","post","type-post","status-publish","format-standard","has-post-thumbnail","hentry","category-portadageneral","tag-cicle-inicial"],"post_mailing_queue_ids":[],"_links":{"self":[{"href":"https:\/\/agora.xtec.cat\/escolacollserolacerdanyola\/wp-json\/wp\/v2\/posts\/844","targetHints":{"allow":["GET"]}}],"collection":[{"href":"https:\/\/agora.xtec.cat\/escolacollserolacerdanyola\/wp-json\/wp\/v2\/posts"}],"about":[{"href":"https:\/\/agora.xtec.cat\/escolacollserolacerdanyola\/wp-json\/wp\/v2\/types\/post"}],"author":[{"embeddable":true,"href":"https:\/\/agora.xtec.cat\/escolacollserolacerdanyola\/wp-json\/wp\/v2\/users\/7"}],"replies":[{"embeddable":true,"href":"https:\/\/agora.xtec.cat\/escolacollserolacerdanyola\/wp-json\/wp\/v2\/comments?post=844"}],"version-history":[{"count":2,"href":"https:\/\/agora.xtec.cat\/escolacollserolacerdanyola\/wp-json\/wp\/v2\/posts\/844\/revisions"}],"predecessor-version":[{"id":930,"href":"https:\/\/agora.xtec.cat\/escolacollserolacerdanyola\/wp-json\/wp\/v2\/posts\/844\/revisions\/930"}],"wp:featuredmedia":[{"embeddable":true,"href":"https:\/\/agora.xtec.cat\/escolacollserolacerdanyola\/wp-json\/wp\/v2\/media\/900"}],"wp:attachment":[{"href":"https:\/\/agora.xtec.cat\/escolacollserolacerdanyola\/wp-json\/wp\/v2\/media?parent=844"}],"wp:term":[{"taxonomy":"category","embeddable":true,"href":"https:\/\/agora.xtec.cat\/escolacollserolacerdanyola\/wp-json\/wp\/v2\/categories?post=844"},{"taxonomy":"post_tag","embeddable":true,"href":"https:\/\/agora.xtec.cat\/escolacollserolacerdanyola\/wp-json\/wp\/v2\/tags?post=844"}],"curies":[{"name":"wp","href":"https:\/\/api.w.org\/{rel}","templated":true}]}}