{"id":843,"date":"2017-01-25T18:22:00","date_gmt":"2017-01-25T17:22:00","guid":{"rendered":""},"modified":"2017-03-12T18:26:22","modified_gmt":"2017-03-12T17:26:22","slug":"practiquem-la-corda-fregada","status":"publish","type":"post","link":"https:\/\/agora.xtec.cat\/escolacollserolacerdanyola\/portadageneral\/practiquem-la-corda-fregada\/","title":{"rendered":"PRACTIQUEM LA CORDA FREGADA!"},"content":{"rendered":"<p><span style=\"font-family: Arial, Helvetica, sans-serif;\"><br \/><\/span><span style=\"font-family: Arial, Helvetica, sans-serif;\">Els mussols vam tenir l&#8217;<b>oportunitat<\/b> d&#8217;anar a l&#8217;escola de m\u00fasica Aulos per aprendre i poder tocar els<b> instruments<\/b> de la fam\u00edlia de corda fregada: <b>el viol\u00ed, la viola i el violoncel<\/b>. V\u00e0rem con\u00e8ixer les seves parts, assajar una can\u00e7\u00f3 i fer un mini-concert pels nostres companys.<\/span><br \/><span style=\"font-family: Arial, Helvetica, sans-serif;\"><br \/><\/span><span style=\"font-family: Arial, Helvetica, sans-serif;\">Va ser una <b>experi\u00e8ncia<\/b> molt enriquidora ja que, a part de con\u00e8ixer i tocar els instruments, vam poder sentir els nervis dalt de l&#8217;<b>escenari <\/b>com els <b>artistes<\/b>.<\/span><br \/><span style=\"font-family: Arial, Helvetica, sans-serif;\"><br \/><\/span><span style=\"font-family: Arial, Helvetica, sans-serif;\"><br \/><\/span><span style=\"font-family: Arial, Helvetica, sans-serif;\"><br \/><\/span><\/p>\n<div style=\"clear: both; text-align: center;\"><a href=\"http:\/\/agora.xtec.cat\/escolacollserolacerdanyola\/wp-content\/uploads\/usu1390\/2017\/01\/20161025_114636.jpg\" style=\"margin-left: 1em; margin-right: 1em;\"><img loading=\"lazy\" decoding=\"async\" border=\"0\" height=\"240\" src=\"http:\/\/agora.xtec.cat\/escolacollserolacerdanyola\/wp-content\/uploads\/usu1390\/2017\/01\/20161025_114636-300x225.jpg\" width=\"320\" \/><\/a><\/div>\n<p><\/p>\n<div style=\"clear: both; text-align: center;\"><a href=\"http:\/\/agora.xtec.cat\/escolacollserolacerdanyola\/wp-content\/uploads\/usu1390\/2017\/01\/20161025_113714.jpg\" style=\"margin-left: 1em; margin-right: 1em;\"><img loading=\"lazy\" decoding=\"async\" border=\"0\" height=\"180\" src=\"http:\/\/agora.xtec.cat\/escolacollserolacerdanyola\/wp-content\/uploads\/usu1390\/2017\/01\/20161025_113714-300x169.jpg\" width=\"320\" \/><\/a><\/div>\n<p><\/p>\n<div style=\"clear: both; text-align: center;\"><a href=\"http:\/\/agora.xtec.cat\/escolacollserolacerdanyola\/wp-content\/uploads\/usu1390\/2017\/01\/20161025_114329.jpg\" style=\"margin-left: 1em; margin-right: 1em;\"><img loading=\"lazy\" decoding=\"async\" border=\"0\" height=\"240\" src=\"http:\/\/agora.xtec.cat\/escolacollserolacerdanyola\/wp-content\/uploads\/usu1390\/2017\/01\/20161025_114329-300x225.jpg\" width=\"320\" \/><\/a><\/div>\n<p><\/p>\n<div style=\"clear: both; text-align: center;\"><a href=\"http:\/\/agora.xtec.cat\/escolacollserolacerdanyola\/wp-content\/uploads\/usu1390\/2017\/01\/20161025_113303.jpg\" style=\"margin-left: 1em; margin-right: 1em;\"><img loading=\"lazy\" decoding=\"async\" border=\"0\" height=\"240\" src=\"http:\/\/agora.xtec.cat\/escolacollserolacerdanyola\/wp-content\/uploads\/usu1390\/2017\/01\/20161025_113303-300x225.jpg\" width=\"320\" \/><\/a><\/div>\n<div style=\"clear: both; text-align: center;\"><\/div>\n<div style=\"clear: both; text-align: center;\"><span style=\"font-family: Arial, Helvetica, sans-serif;\"><br \/><\/span><\/div>\n<div style=\"clear: both; text-align: justify;\"><span style=\"font-family: Arial, Helvetica, sans-serif;\">Si voleu veure m\u00e9s imatges de com vam gaudir, entreu al seg\u00fcent enlla\u00e7:<\/span><\/div>\n<div style=\"clear: both; text-align: justify;\"><span style=\"font-family: Arial, Helvetica, sans-serif;\"><br \/><\/span><\/div>\n<div style=\"clear: both; text-align: justify;\"><span style=\"font-family: Arial, Helvetica, sans-serif;\"><a href=\"https:\/\/goo.gl\/photos\/P51LTBUMtUjfZoGG7\" target=\"_blank\">https:\/\/goo.gl\/photos\/P51LTBUMtUjfZoGG7<\/a><\/span><\/div>\n<div style=\"clear: both; text-align: justify;\"><\/div>\n<div style=\"clear: both; text-align: justify;\"><\/div>\n","protected":false},"excerpt":{"rendered":"<p>Els mussols vam tenir l&#8217;oportunitat d&#8217;anar a l&#8217;escola de m\u00fasica Aulos per aprendre i poder tocar els instruments de la fam\u00edlia de corda fregada: el viol\u00ed, la viola i el violoncel. V\u00e0rem con\u00e8ixer les seves parts, assajar una can\u00e7\u00f3 i fer un mini-concert pels nostres&hellip;  <a href=\"https:\/\/agora.xtec.cat\/escolacollserolacerdanyola\/portadageneral\/practiquem-la-corda-fregada\/\" title=\"Read PRACTIQUEM LA CORDA FREGADA!\">Llegeix m\u00e9s\u00bb<\/a><\/p>\n","protected":false},"author":7,"featured_media":895,"comment_status":"open","ping_status":"closed","sticky":false,"template":"","format":"standard","meta":{"_bbp_topic_count":0,"_bbp_reply_count":0,"_bbp_total_topic_count":0,"_bbp_total_reply_count":0,"_bbp_voice_count":0,"_bbp_anonymous_reply_count":0,"_bbp_topic_count_hidden":0,"_bbp_reply_count_hidden":0,"_bbp_forum_subforum_count":0,"footnotes":""},"categories":[1],"tags":[83],"class_list":["post-843","post","type-post","status-publish","format-standard","has-post-thumbnail","hentry","category-portadageneral","tag-cicle-inicial"],"post_mailing_queue_ids":[],"_links":{"self":[{"href":"https:\/\/agora.xtec.cat\/escolacollserolacerdanyola\/wp-json\/wp\/v2\/posts\/843","targetHints":{"allow":["GET"]}}],"collection":[{"href":"https:\/\/agora.xtec.cat\/escolacollserolacerdanyola\/wp-json\/wp\/v2\/posts"}],"about":[{"href":"https:\/\/agora.xtec.cat\/escolacollserolacerdanyola\/wp-json\/wp\/v2\/types\/post"}],"author":[{"embeddable":true,"href":"https:\/\/agora.xtec.cat\/escolacollserolacerdanyola\/wp-json\/wp\/v2\/users\/7"}],"replies":[{"embeddable":true,"href":"https:\/\/agora.xtec.cat\/escolacollserolacerdanyola\/wp-json\/wp\/v2\/comments?post=843"}],"version-history":[{"count":2,"href":"https:\/\/agora.xtec.cat\/escolacollserolacerdanyola\/wp-json\/wp\/v2\/posts\/843\/revisions"}],"predecessor-version":[{"id":929,"href":"https:\/\/agora.xtec.cat\/escolacollserolacerdanyola\/wp-json\/wp\/v2\/posts\/843\/revisions\/929"}],"wp:featuredmedia":[{"embeddable":true,"href":"https:\/\/agora.xtec.cat\/escolacollserolacerdanyola\/wp-json\/wp\/v2\/media\/895"}],"wp:attachment":[{"href":"https:\/\/agora.xtec.cat\/escolacollserolacerdanyola\/wp-json\/wp\/v2\/media?parent=843"}],"wp:term":[{"taxonomy":"category","embeddable":true,"href":"https:\/\/agora.xtec.cat\/escolacollserolacerdanyola\/wp-json\/wp\/v2\/categories?post=843"},{"taxonomy":"post_tag","embeddable":true,"href":"https:\/\/agora.xtec.cat\/escolacollserolacerdanyola\/wp-json\/wp\/v2\/tags?post=843"}],"curies":[{"name":"wp","href":"https:\/\/api.w.org\/{rel}","templated":true}]}}