{"id":706,"date":"2015-05-27T12:31:00","date_gmt":"2015-05-27T10:31:00","guid":{"rendered":"http:\/\/agora.xtec.cat\/escolacollserolacerdanyola\/general\/preparats-pel-concert\/"},"modified":"2017-03-12T20:06:50","modified_gmt":"2017-03-12T19:06:50","slug":"preparats-pel-concert","status":"publish","type":"post","link":"https:\/\/agora.xtec.cat\/escolacollserolacerdanyola\/ei3-ei4-ei5\/preparats-pel-concert\/","title":{"rendered":"Preparats pel concert?"},"content":{"rendered":"<div style=\"text-align: justify;\"><span style=\"font-family: &quot;Helvetica Neue&quot;,Arial,Helvetica,sans-serif;\"><b><span style=\"font-size: large;\">Preparats pel concert? Ja queden dos dies i els nens i nenes d&#8217;educaci\u00f3 infantil tenen moltes ganes de demostrar les seves habilitats art\u00edstiques. Esperem que gaudiu tant o m\u00e9s que ells.<\/span><\/b><\/span><\/div>\n","protected":false},"excerpt":{"rendered":"<p>Preparats pel concert? Ja queden dos dies i els nens i nenes d&#8217;educaci\u00f3 infantil tenen moltes ganes de demostrar les seves habilitats art\u00edstiques. Esperem que gaudiu tant o m\u00e9s que ells.<\/p>\n","protected":false},"author":6,"featured_media":0,"comment_status":"open","ping_status":"closed","sticky":false,"template":"","format":"standard","meta":{"_bbp_topic_count":0,"_bbp_reply_count":0,"_bbp_total_topic_count":0,"_bbp_total_reply_count":0,"_bbp_voice_count":0,"_bbp_anonymous_reply_count":0,"_bbp_topic_count_hidden":0,"_bbp_reply_count_hidden":0,"_bbp_forum_subforum_count":0,"footnotes":""},"categories":[2],"tags":[68],"class_list":["post-706","post","type-post","status-publish","format-standard","hentry","category-ei3-ei4-ei5","tag-infantil"],"post_mailing_queue_ids":[],"_links":{"self":[{"href":"https:\/\/agora.xtec.cat\/escolacollserolacerdanyola\/wp-json\/wp\/v2\/posts\/706","targetHints":{"allow":["GET"]}}],"collection":[{"href":"https:\/\/agora.xtec.cat\/escolacollserolacerdanyola\/wp-json\/wp\/v2\/posts"}],"about":[{"href":"https:\/\/agora.xtec.cat\/escolacollserolacerdanyola\/wp-json\/wp\/v2\/types\/post"}],"author":[{"embeddable":true,"href":"https:\/\/agora.xtec.cat\/escolacollserolacerdanyola\/wp-json\/wp\/v2\/users\/6"}],"replies":[{"embeddable":true,"href":"https:\/\/agora.xtec.cat\/escolacollserolacerdanyola\/wp-json\/wp\/v2\/comments?post=706"}],"version-history":[{"count":1,"href":"https:\/\/agora.xtec.cat\/escolacollserolacerdanyola\/wp-json\/wp\/v2\/posts\/706\/revisions"}],"predecessor-version":[{"id":799,"href":"https:\/\/agora.xtec.cat\/escolacollserolacerdanyola\/wp-json\/wp\/v2\/posts\/706\/revisions\/799"}],"wp:attachment":[{"href":"https:\/\/agora.xtec.cat\/escolacollserolacerdanyola\/wp-json\/wp\/v2\/media?parent=706"}],"wp:term":[{"taxonomy":"category","embeddable":true,"href":"https:\/\/agora.xtec.cat\/escolacollserolacerdanyola\/wp-json\/wp\/v2\/categories?post=706"},{"taxonomy":"post_tag","embeddable":true,"href":"https:\/\/agora.xtec.cat\/escolacollserolacerdanyola\/wp-json\/wp\/v2\/tags?post=706"}],"curies":[{"name":"wp","href":"https:\/\/api.w.org\/{rel}","templated":true}]}}