{"id":705,"date":"2015-06-28T16:53:00","date_gmt":"2015-06-28T14:53:00","guid":{"rendered":"http:\/\/agora.xtec.cat\/escolacollserolacerdanyola\/general\/p3-un-any-a-la-classe-de-les-vaques\/"},"modified":"2017-03-12T20:04:19","modified_gmt":"2017-03-12T19:04:19","slug":"p3-un-any-a-la-classe-de-les-vaques","status":"publish","type":"post","link":"https:\/\/agora.xtec.cat\/escolacollserolacerdanyola\/ei3-ei4-ei5\/p3-un-any-a-la-classe-de-les-vaques\/","title":{"rendered":"P3 &#8230;.UN ANY A LA CLASSE DE LES VAQUES"},"content":{"rendered":"<div><span style=\"color: red; font-family: Arial; font-size: 13.5pt;\"><br \/><\/span><\/div>\n<div><span style=\"color: red; font-family: Arial; font-size: 13.5pt;\"><br \/><\/span><\/div>\n<div style=\"text-align: center;\"><span style=\"color: red; font-family: Arial;\"><span style=\"font-size: large;\"><b>EXPERIMENTS<\/b><\/span><span style=\"font-size: 13.5pt;\"><o:p><\/o:p><\/span><\/span><\/div>\n<div><\/div>\n<div style=\"text-align: justify;\">\n<div style=\"text-align: center;\"><span lang=\"CA\" style=\"font-family: Arial, Helvetica, sans-serif;\"><b>ELS NENS I LES NENES DE LA CLASSE DE LES VAQUES HEM FET EXPERIMENTS ON HEM POGUT OBSERVAR , MANIPULAR I INCL\u00daS TASTAR ALG\u00da DELS ELEMENTS QUE HEM UTILITZAT COM VA SER LA XOCOLATA..<\/b><\/span><\/div>\n<\/div>\n<div style=\"-webkit-text-stroke-width: 0px; orphans: auto; text-align: justify; widows: 1; word-spacing: 0px;\">\n<div style=\"text-align: center;\"><span lang=\"CA\" style=\"color: black; font-family: Arial, Helvetica, sans-serif; font-size: 13.5pt; mso-ansi-language: CA;\"><b>&#8230;..UM QUE B\u00d3!!<\/b><\/span><\/div>\n<\/div>\n<div style=\"text-align: center;\"><embed flashvars=\"host=picasaweb.google.com&amp;hl=es&amp;feat=flashalbum&amp;RGB=0x000000&amp;feed=https%3A%2F%2Fpicasaweb.google.com%2Fdata%2Ffeed%2Fapi%2Fuser%2F116332103343813142095%2Falbumid%2F6165434795298254001%3Falt%3Drss%26kind%3Dphoto%26hl%3Des\" height=\"267\" pluginspage=\"http:\/\/www.macromedia.com\/go\/getflashplayer\" src=\"https:\/\/photos.gstatic.com\/media\/slideshow.swf\" type=\"application\/x-shockwave-flash\" width=\"400\"><\/embed> <\/p>\n<div style=\"text-align: center;\"><b><span lang=\"CA\" style=\"color: red; font-family: Verdana;\"><br \/><\/span><\/b><b><span style=\"font-family: Arial, Helvetica, sans-serif;\"><span lang=\"CA\" style=\"color: red; font-size: large;\">TREBALLEM <\/span><span lang=\"CA\"><span style=\"color: red; font-size: large;\">FILOSOFIA 3\/18<\/span><o:p><\/o:p><\/span><\/span><\/b><br \/><span lang=\"CA\" style=\"font-family: Verdana;\"><b><span style=\"color: red;\"><br \/><\/span><\/b><\/span><\/div>\n<div><span lang=\"CA\" style=\"font-family: Verdana;\"><b><br \/><\/b><\/span><\/div>\n<div style=\"text-align: justify;\">\n<div style=\"text-align: center;\"><b><span style=\"font-family: Arial, Helvetica, sans-serif;\"><span lang=\"CA\">ELS NENS I LES NENES DE LA CLASSE DE LES VAQUES (P3) HAN ESTAT TREBALLANT DURANT TOT EL CURS &nbsp;EL PROJECTE FILOSOFIA 3\/18 ON HEM TREBALLAT DOS AUTORS MOLT CONEGUTS COM S\u00d3M JOAN MIR\u00d3 I PABLO PICASSO.<\/span><span lang=\"CA\"><o:p><\/o:p><\/span><\/span><\/b><\/div>\n<\/div>\n<div style=\"text-align: left;\">\n<div style=\"text-align: center;\"><span lang=\"CA\" style=\"font-family: Arial, Helvetica, sans-serif;\"><b>A LA CLASSE ENS HEM CONVERTIT EN ARTISTES PER TAL D&#8217;INTERPRETAR I REPRODUIR LES SEVES OBRES. ENTRE ELLES HEM FET : AUTORETRATS , ESQUITXAR, PINTAR , ENGANXAR \u2026.. COM FEIEN ELLS .<o:p><\/o:p><\/b><\/span><\/div>\n<\/div>\n<div style=\"text-align: justify;\">\n<div style=\"text-align: center;\"><span lang=\"CA\" style=\"font-family: Arial, Helvetica, sans-serif;\"><b>ENS HEM DIVERTIT MOLT I HEM GAUDIT FENT DIVERTITS TREBALLS.&nbsp;<\/b><\/span><\/div>\n<\/div>\n<div style=\"text-align: justify;\">\n<div style=\"text-align: center;\"><span lang=\"CA\"><b><span style=\"font-family: Arial, Helvetica, sans-serif;\">PER PODER GAUDIR M\u00c9S DE L&#8217;ARTISTA JOAN MIR\u00d3 VAM VISITAR EL MUSEU ON ESTAVEN EXPOSADES LES SEVES PINTURES I ESCULTURES.<\/span><\/b><span style=\"color: #33cccc; font-family: Verdana;\"><o:p><\/o:p><\/span><\/span><\/div>\n<p><span lang=\"CA\" style=\"font-family: Verdana;\"><br \/><\/span><\/div>\n<div style=\"text-align: center;\"><embed flashvars=\"host=picasaweb.google.com&amp;hl=es&amp;feat=flashalbum&amp;RGB=0x000000&amp;feed=https%3A%2F%2Fpicasaweb.google.com%2Fdata%2Ffeed%2Fapi%2Fuser%2F116332103343813142095%2Falbumid%2F6165458559987790065%3Falt%3Drss%26kind%3Dphoto%26hl%3Des\" height=\"267\" pluginspage=\"http:\/\/www.macromedia.com\/go\/getflashplayer\" src=\"https:\/\/photos.gstatic.com\/media\/slideshow.swf\" type=\"application\/x-shockwave-flash\" width=\"400\"><\/embed> <\/p>\n<div><span lang=\"CA\" style=\"font-family: Arial; font-size: large;\"><span style=\"color: red;\"><b>LES ESTACIONS DE L\u2019ANY <\/b><\/span><o:p><\/o:p><\/span><\/div>\n<div><\/div>\n<div><span lang=\"CA\" style=\"font-family: Arial;\"><b>A LA CLASSE DE LES VAQUES ELS NENS I LES NENES HEM TREBALLAT LES DIFERENTS ESTACIONS DE L\u2019ANY COM S\u00d3M LA TARDOR, L\u2019HIVERN I LA PRIMAVERA.<\/b><\/span><\/div>\n<div><span lang=\"CA\" style=\"font-family: Arial;\"><b>HEM REALITZAT&nbsp; DIFERENTS ACTIVITATS:&nbsp; PLASTIQUES (MODELATGE), DITES ( HIVERN) , POEMES (PRIMAVERA) , MUSICALS (CAN\u00c7ONS I AUDICIONS &nbsp;DE VIVALDI) \u2026.. I TAMB\u00c9 HEM CELEBRAT LES DIFERENTS FESTES RELACIONADES AMB CADA ESTACI\u00d3.<span style=\"color: magenta; font-size: 13.5pt;\"><o:p><\/o:p><\/span><\/b><\/span><\/div>\n<div><b><br \/><\/b><\/div>\n<div><span lang=\"CA\" style=\"font-family: Arial; font-size: 13.5pt;\"><br \/><\/span><\/div>\n<\/div>\n<\/div>\n<div style=\"text-align: center;\"><embed flashvars=\"host=picasaweb.google.com&amp;hl=es&amp;feat=flashalbum&amp;RGB=0x000000&amp;feed=https%3A%2F%2Fpicasaweb.google.com%2Fdata%2Ffeed%2Fapi%2Fuser%2F116332103343813142095%2Falbumid%2F6165463376615577793%3Falt%3Drss%26kind%3Dphoto%26hl%3Des\" height=\"267\" pluginspage=\"http:\/\/www.macromedia.com\/go\/getflashplayer\" src=\"https:\/\/photos.gstatic.com\/media\/slideshow.swf\" type=\"application\/x-shockwave-flash\" width=\"400\"><\/embed> <\/div>\n<div style=\"text-align: center;\"><span style=\"font-family: Arial; font-size: 14.0pt;\"><span style=\"color: red;\"><br \/><\/span><\/span><span style=\"font-family: Arial; font-size: large;\"><span style=\"color: red;\"><b>ELS RACONS DE TREBALL I ALTRES FEINES<\/b><\/span><o:p><\/o:p><\/span><\/div>\n<div style=\"text-align: center;\"><span style=\"font-family: Arial; font-size: 14.0pt;\"><br \/><\/span><\/div>\n<div>\n<div style=\"text-align: center;\"><span style=\"font-family: Arial, Helvetica, sans-serif;\"><b>ELS NENS I LES NENES DE LA CLASSE DE LES VAQUES HEM APR\u00c8S A TREBALLAAR EN &nbsp;RACONS DE TREBALL .<o:p><\/o:p><\/b><\/span><\/div>\n<\/div>\n<div style=\"text-align: center;\"><\/div>\n<div>\n<div style=\"text-align: center;\"><span style=\"font-family: Arial, Helvetica, sans-serif;\"><b>ELS RACONS ENS PERMETEN ORGANITZAR L&#8217;AULA EN PETITS GRUPS, CADASCUN DELS QUALS REALITZA UNA TASCA DETERMINADA I DIFERENT COM PER EXEMPLE: PIUS, ENFILAR, TUBS ,PUZLES, PLASTILINA, &nbsp;BLOCS L\u00d2GICS, LLENGUA (TREBALL NOM), CONSTRUCCIONS, SERIACIONS&#8230;&nbsp;<\/b><o:p><\/o:p><\/span><\/div>\n<\/div>\n<div style=\"text-align: center;\"><\/div>\n<div style=\"text-align: center;\"><embed flashvars=\"host=picasaweb.google.com&amp;hl=es&amp;feat=flashalbum&amp;RGB=0x000000&amp;feed=https%3A%2F%2Fpicasaweb.google.com%2Fdata%2Ffeed%2Fapi%2Fuser%2F116332103343813142095%2Falbumid%2F6165466599843200241%3Falt%3Drss%26kind%3Dphoto%26hl%3Des\" height=\"267\" pluginspage=\"http:\/\/www.macromedia.com\/go\/getflashplayer\" src=\"https:\/\/photos.gstatic.com\/media\/slideshow.swf\" type=\"application\/x-shockwave-flash\" width=\"400\"><\/embed><\/div>\n<div style=\"text-align: center;\"><\/div>\n<div style=\"text-align: center;\"><span style=\"font-family: Arial;\"><span style=\"color: red; font-size: large;\"><b>TALLERS A LA CLASSE<\/b><\/span><span style=\"font-size: 14pt;\"><o:p><\/o:p><\/span><\/span><\/div>\n<div style=\"text-align: center;\"><span style=\"font-family: Arial; font-size: 14.0pt;\"><br \/><\/span><\/div>\n<div style=\"text-align: justify;\">\n<div style=\"text-align: center;\"><span style=\"font-family: Arial;\"><b>A LA CLASSE HEM FET UN TALLER EMOCIONAL I UN ALTRE DE MUSICAL.<\/b><\/span><br \/><span style=\"font-family: Arial;\"><b>EL NENS I LES NENES DE LA CLASSE DE LES VAQUES HAN POGUT EXPRESSAR I PENDRE CONSC\u00c8NCIA DE LES SEVES EMOCIONS.<\/b><\/span><br \/><span style=\"font-family: Arial;\"><b>AL TALLER MUSICAL HAN GAUDIT I POGUT VIVENCIAR MITJAN\u00c7ANT &nbsp;EL SEU COS DIFERENTS ASPECTES DE LA MUSICA.<\/b><\/span><\/div>\n<\/div>\n<div style=\"text-align: center;\"><\/div>\n<div><\/div>\n<div style=\"text-align: center;\"><embed flashvars=\"host=picasaweb.google.com&amp;hl=es&amp;feat=flashalbum&amp;RGB=0x000000&amp;feed=https%3A%2F%2Fpicasaweb.google.com%2Fdata%2Ffeed%2Fapi%2Fuser%2F116332103343813142095%2Falbumid%2F6165468047642017985%3Falt%3Drss%26kind%3Dphoto%26hl%3Des\" height=\"267\" pluginspage=\"http:\/\/www.macromedia.com\/go\/getflashplayer\" src=\"https:\/\/photos.gstatic.com\/media\/slideshow.swf\" type=\"application\/x-shockwave-flash\" width=\"400\"><\/embed> <\/div>\n<div style=\"text-align: center;\"><\/div>\n<div align=\"center\" style=\"text-align: center;\"><span style=\"font-size: large;\"><b><span lang=\"CA\"><span style=\"font-family: Arial, Helvetica, sans-serif;\"><span style=\"color: red;\">JOCS DE MANIPULACI\u00d3&nbsp;<\/span><\/span><\/span><\/b><b style=\"font-family: Arial, Helvetica, sans-serif;\"><span lang=\"CA\"><span style=\"color: red;\">AMB CONSIGNES MATEM\u00c0TIQUES<\/span><\/span><\/b><\/span><\/div>\n<div align=\"center\" style=\"text-align: center;\"><b style=\"font-family: Arial, Helvetica, sans-serif;\"><span lang=\"CA\"><br \/><\/span><\/b><\/div>\n<div style=\"text-align: center;\"><\/div>\n<div style=\"text-align: center;\"><span style=\"font-family: Arial, Helvetica, sans-serif;\"><b><span lang=\"CA\">A LA CLASSE DE LES VAQUES HEM TREBALLAT DE FORMA L\u00daDICA MOLTS ASPECTES <\/span><span lang=\"CA\">DE NUMERACI\u00d3 I C\u00c0LCUL ,&nbsp; MESURA,&nbsp; ESPAI I FORMA , RELACIONS I CLASSIFICACIONS<\/span><\/b><\/span><span lang=\"CA\"><span style=\"font-family: Arial, Helvetica, sans-serif;\"><b> COM : COMPTAR, CONSTRUIR, SERIACIONS , CLASSIFICACIONS, PUZLES, NOMBRES, COLORS, FORMES\u2026<\/b><\/span><\/span><\/div>\n<div style=\"text-align: center;\"><span lang=\"CA\"><span style=\"font-family: Arial, Helvetica, sans-serif;\"><b><br \/><\/b><\/span><\/span><\/div>\n<div style=\"text-align: center;\"><embed flashvars=\"host=picasaweb.google.com&amp;hl=es&amp;feat=flashalbum&amp;RGB=0x000000&amp;feed=https%3A%2F%2Fpicasaweb.google.com%2Fdata%2Ffeed%2Fapi%2Fuser%2F116332103343813142095%2Falbumid%2F6165438699703398481%3Falt%3Drss%26kind%3Dphoto%26hl%3Des\" height=\"267\" pluginspage=\"http:\/\/www.macromedia.com\/go\/getflashplayer\" src=\"https:\/\/photos.gstatic.com\/media\/slideshow.swf\" type=\"application\/x-shockwave-flash\" width=\"400\"><\/embed><\/div>\n<div><span style=\"font-family: Arial; font-size: 14.0pt;\"><br \/><\/span><\/div>\n<div style=\"text-align: center;\"><span style=\"color: red; font-family: Arial, Helvetica, sans-serif; font-size: large;\"><b>ELS RACONS DE JOC<\/b><\/span><\/div>\n<div style=\"text-align: center;\"><span style=\"font-family: Arial; font-size: 18.6666660308838px;\"><br \/><\/span><\/div>\n<div style=\"text-align: center;\"><span style=\"font-family: Arial, Helvetica, sans-serif;\"><b>ELS RACONS DE JOC S\u00d3N UNA DE LES ACTIVITATS PREFERIDES PELS NENS I NENES . JUGAR \u00c9S NECESSARI PER FORMAR-SE I DESENVOLUPAR-SE.&nbsp;<\/b><\/span><br \/><span style=\"font-family: Arial, Helvetica, sans-serif;\"><b>EL SEUS JOCS SOVINT S\u00d3N SIMB\u00d2LICS, IMITANT ROLS DE LA VIDA DELS ADULTS.&nbsp; A TRAV\u00c9S DEL JOC ELS NENS I LES NENES DE LA CLASSE DE LES VAQUES S\u2019HAN EXPRESSAT&nbsp; LLIUREMENT.<\/b><\/span><span style=\"font-family: Arial; font-size: 14pt;\"><o:p><\/o:p><\/span><\/div>\n<div style=\"text-align: center;\"><span style=\"font-family: Arial, Helvetica, sans-serif;\"><b>S&#8217;HO HAN PASSAT PIPA!!<\/b><\/span><\/div>\n<div style=\"text-align: center;\"><span style=\"font-family: Arial, Helvetica, sans-serif;\"><b><br \/><\/b><\/span><\/div>\n<div style=\"text-align: center;\"><embed flashvars=\"host=picasaweb.google.com&amp;hl=es&amp;feat=flashalbum&amp;RGB=0x000000&amp;feed=https%3A%2F%2Fpicasaweb.google.com%2Fdata%2Ffeed%2Fapi%2Fuser%2F116332103343813142095%2Falbumid%2F6165471273575711137%3Falt%3Drss%26kind%3Dphoto%26hl%3Des\" height=\"267\" pluginspage=\"http:\/\/www.macromedia.com\/go\/getflashplayer\" src=\"https:\/\/photos.gstatic.com\/media\/slideshow.swf\" type=\"application\/x-shockwave-flash\" width=\"400\"><\/embed><\/div>\n<div style=\"text-align: center;\"><span lang=\"CA\"><span style=\"font-family: Arial, Helvetica, sans-serif;\"><b><span style=\"color: red;\"><br \/><\/span><\/b><\/span><\/span><span lang=\"CA\"><span style=\"font-family: Arial, Helvetica, sans-serif;\"><b><span style=\"color: red; font-size: large;\">PL\u00c0STICA<\/span><o:p><\/o:p><\/b><\/span><\/span><\/div>\n<div><span lang=\"CA\"><span style=\"font-family: Arial, Helvetica, sans-serif;\"><b><br \/><\/b><\/span><\/span><\/div>\n<div style=\"text-align: center;\"><\/div>\n<div style=\"text-align: center;\"><span lang=\"CA\"><span style=\"font-family: Arial, Helvetica, sans-serif;\"><b>DURANT TOT L\u2019ANY ELS NENS I LES NENES DE LES VAQUES HAN TREBALLAT LA CREATIVITAT MITJAN\u00c7ANT DIFERENTS MATERIALS I TECNIQUES PL\u00c0STIQUES: GUIX DE COLORS , PINTAR, RETALLAR, ENGANXAR, BARREGES, MODELAR,\u2026.. FENT UNS TREBALLS MOLT INTERESSANTS \u2026.&nbsp;<\/b><\/span><\/span><br \/><span lang=\"CA\"><span style=\"font-family: Arial, Helvetica, sans-serif;\"><b>I SOBRETOT HEM DESCOBERT MOLTES COSES!!!\u2026.<\/b><\/span><o:p><\/o:p><\/span><\/div>\n<div style=\"text-align: center;\"><span lang=\"CA\"><span style=\"font-family: Arial, Helvetica, sans-serif;\"><b><br \/><\/b><\/span><\/span><\/div>\n<div style=\"text-align: center;\"><embed flashvars=\"host=picasaweb.google.com&amp;hl=es&amp;feat=flashalbum&amp;RGB=0x000000&amp;feed=https%3A%2F%2Fpicasaweb.google.com%2Fdata%2Ffeed%2Fapi%2Fuser%2F116332103343813142095%2Falbumid%2F6165473050350732865%3Falt%3Drss%26kind%3Dphoto%26hl%3Des\" height=\"267\" pluginspage=\"http:\/\/www.macromedia.com\/go\/getflashplayer\" src=\"https:\/\/photos.gstatic.com\/media\/slideshow.swf\" type=\"application\/x-shockwave-flash\" width=\"400\"><\/embed><\/div>\n<div style=\"text-align: center;\"><\/div>\n<div style=\"text-align: center;\"><b><span style=\"color: red; font-family: Arial, Helvetica, sans-serif; font-size: large;\">FRUITA<\/span><\/b><\/div>\n<div style=\"text-align: center;\"><b><span style=\"font-family: Arial, Helvetica, sans-serif;\"><br \/><\/span><\/b><\/div>\n<div style=\"text-align: center;\"><b><span style=\"font-family: Arial, Helvetica, sans-serif;\">ELS NENS I LES NENES DE LA CLASSE POC A POC ES VAN &nbsp;ACOSTUMANT &nbsp;A MENJAR FRUITA A LA CLASSE.<\/span><\/b><\/div>\n<div style=\"text-align: center;\"><b><span style=\"font-family: Arial, Helvetica, sans-serif;\">ALGUNS NO ELS HI VA AGRADAR GAIRE PER\u00d2 &#8230;.. HO VAN INTENTAR.<\/span><\/b><\/div>\n<div style=\"text-align: center;\"><b><span style=\"font-family: Arial, Helvetica, sans-serif;\"><br \/><\/span><\/b><\/div>\n<div style=\"text-align: center;\"><b><span style=\"font-family: Arial, Helvetica, sans-serif;\"><br \/><\/span><\/b><\/div>\n<div style=\"text-align: center;\"><embed flashvars=\"host=picasaweb.google.com&amp;hl=es&amp;feat=flashalbum&amp;RGB=0x000000&amp;feed=https%3A%2F%2Fpicasaweb.google.com%2Fdata%2Ffeed%2Fapi%2Fuser%2F116332103343813142095%2Falbumid%2F6165476378849209761%3Falt%3Drss%26kind%3Dphoto%26hl%3Des\" height=\"267\" pluginspage=\"http:\/\/www.macromedia.com\/go\/getflashplayer\" src=\"https:\/\/photos.gstatic.com\/media\/slideshow.swf\" type=\"application\/x-shockwave-flash\" width=\"400\"><\/embed><\/div>\n<div style=\"text-align: center;\"><b><span style=\"color: red; font-family: Arial, Helvetica, sans-serif; font-size: large;\">PSICOMOTRICITAT<\/span><\/b><\/div>\n<div style=\"text-align: center;\"><\/div>\n<div style=\"text-align: center;\"><\/div>\n<div style=\"text-align: center;\"><b><span style=\"font-family: Arial, Helvetica, sans-serif;\">LES SESSIONS MOTRIUS ES BASEN EN EL MOVIMENT CORPORAL A TRAV\u00c9S DE JOCS COL\u00b7LECTIUS. ES TREBALLA EL CONTROL EN EL MOVIMENT, LA COORDINACI\u00d3 GLOBAL I SEGMENT\u00c0RIA, L&#8217;EQUILIBRI, L&#8217;ORIENTACI\u00d3 EN L&#8217;ESPAI I EN EL TEMPS, LA LATERALITAT&#8230;LA CLASSE DE LES VAQUES ENS HO HEM PASSAT MOLT B\u00c9 EXPERIMENTANT AMB EL NOSTRE COS, AMB DIFERENTS MATERIALS.&nbsp;<\/span><\/b><br \/><b><span style=\"font-family: Arial, Helvetica, sans-serif;\">HA ESTAT MOLT DIVERTIT!!<\/span><\/b><\/div>\n<div style=\"text-align: center;\"><b><span style=\"font-family: Arial, Helvetica, sans-serif;\"><br \/><\/span><\/b><\/div>\n<div style=\"text-align: center;\"><b><span style=\"font-family: Arial, Helvetica, sans-serif;\"><br \/><\/span><\/b><\/div>\n<div style=\"text-align: center;\"><\/div>\n<div style=\"text-align: center;\"><embed flashvars=\"host=picasaweb.google.com&amp;hl=es&amp;feat=flashalbum&amp;RGB=0x000000&amp;feed=https%3A%2F%2Fpicasaweb.google.com%2Fdata%2Ffeed%2Fapi%2Fuser%2F116332103343813142095%2Falbumid%2F6165477555013936321%3Falt%3Drss%26kind%3Dphoto%26hl%3Des\" height=\"267\" pluginspage=\"http:\/\/www.macromedia.com\/go\/getflashplayer\" src=\"https:\/\/photos.gstatic.com\/media\/slideshow.swf\" type=\"application\/x-shockwave-flash\" width=\"400\"><\/embed><\/div>\n","protected":false},"excerpt":{"rendered":"<p>EXPERIMENTS<\/p>\n<p>ELS NENS I LES NENES DE LA CLASSE DE LES VAQUES HEM FET EXPERIMENTS ON HEM POGUT OBSERVAR , MANIPULAR I INCL\u00daS TASTAR ALG\u00da DELS ELEMENTS QUE HEM UTILITZAT COM VA SER LA XOCOLATA..<\/p>\n<p>&#8230;..UM QUE B\u00d3!!<\/p>\n<p>TREBALLEM FILOSOFIA 3\/18<\/p>\n<p>ELS NENS I LES NENES DE LA&hellip;  <a href=\"https:\/\/agora.xtec.cat\/escolacollserolacerdanyola\/ei3-ei4-ei5\/p3-un-any-a-la-classe-de-les-vaques\/\" title=\"Read P3 &#8230;.UN ANY A LA CLASSE DE LES VAQUES\">Llegeix m\u00e9s\u00bb<\/a><\/p>\n","protected":false},"author":6,"featured_media":0,"comment_status":"open","ping_status":"closed","sticky":false,"template":"","format":"standard","meta":{"_bbp_topic_count":0,"_bbp_reply_count":0,"_bbp_total_topic_count":0,"_bbp_total_reply_count":0,"_bbp_voice_count":0,"_bbp_anonymous_reply_count":0,"_bbp_topic_count_hidden":0,"_bbp_reply_count_hidden":0,"_bbp_forum_subforum_count":0,"footnotes":""},"categories":[2,3],"tags":[68],"class_list":["post-705","post","type-post","status-publish","format-standard","hentry","category-ei3-ei4-ei5","category-ei3","tag-infantil"],"post_mailing_queue_ids":[],"_links":{"self":[{"href":"https:\/\/agora.xtec.cat\/escolacollserolacerdanyola\/wp-json\/wp\/v2\/posts\/705","targetHints":{"allow":["GET"]}}],"collection":[{"href":"https:\/\/agora.xtec.cat\/escolacollserolacerdanyola\/wp-json\/wp\/v2\/posts"}],"about":[{"href":"https:\/\/agora.xtec.cat\/escolacollserolacerdanyola\/wp-json\/wp\/v2\/types\/post"}],"author":[{"embeddable":true,"href":"https:\/\/agora.xtec.cat\/escolacollserolacerdanyola\/wp-json\/wp\/v2\/users\/6"}],"replies":[{"embeddable":true,"href":"https:\/\/agora.xtec.cat\/escolacollserolacerdanyola\/wp-json\/wp\/v2\/comments?post=705"}],"version-history":[{"count":1,"href":"https:\/\/agora.xtec.cat\/escolacollserolacerdanyola\/wp-json\/wp\/v2\/posts\/705\/revisions"}],"predecessor-version":[{"id":798,"href":"https:\/\/agora.xtec.cat\/escolacollserolacerdanyola\/wp-json\/wp\/v2\/posts\/705\/revisions\/798"}],"wp:attachment":[{"href":"https:\/\/agora.xtec.cat\/escolacollserolacerdanyola\/wp-json\/wp\/v2\/media?parent=705"}],"wp:term":[{"taxonomy":"category","embeddable":true,"href":"https:\/\/agora.xtec.cat\/escolacollserolacerdanyola\/wp-json\/wp\/v2\/categories?post=705"},{"taxonomy":"post_tag","embeddable":true,"href":"https:\/\/agora.xtec.cat\/escolacollserolacerdanyola\/wp-json\/wp\/v2\/tags?post=705"}],"curies":[{"name":"wp","href":"https:\/\/api.w.org\/{rel}","templated":true}]}}