{"id":703,"date":"2015-06-29T14:02:00","date_gmt":"2015-06-29T12:02:00","guid":{"rendered":"http:\/\/agora.xtec.cat\/escolacollserolacerdanyola\/general\/p5-la-classe-dels-taurons\/"},"modified":"2017-03-12T20:03:32","modified_gmt":"2017-03-12T19:03:32","slug":"p5-la-classe-dels-taurons","status":"publish","type":"post","link":"https:\/\/agora.xtec.cat\/escolacollserolacerdanyola\/ei3-ei4-ei5\/p5-la-classe-dels-taurons\/","title":{"rendered":"P5 LA CLASSE DELS TAURONS"},"content":{"rendered":"<p><\/p>\n<div style=\"text-align: center;\"><span style=\"color: blue; font-size: large;\">ARRIBA EL TI\u00d3!<\/span><\/div>\n<div style=\"text-align: center;\"><embed flashvars=\"host=picasaweb.google.com&amp;hl=es&amp;feat=flashalbum&amp;RGB=0x000000&amp;feed=https%3A%2F%2Fpicasaweb.google.com%2Fdata%2Ffeed%2Fapi%2Fuser%2F116332103343813142095%2Falbumid%2F6163247725257813745%3Falt%3Drss%26kind%3Dphoto%26hl%3Des\" height=\"267\" pluginspage=\"http:\/\/www.macromedia.com\/go\/getflashplayer\" src=\"https:\/\/photos.gstatic.com\/media\/slideshow.swf\" type=\"application\/x-shockwave-flash\" width=\"400\"><\/embed><\/div>\n<div style=\"text-align: center;\"><\/div>\n<div style=\"text-align: center;\"><span style=\"background: white; font-family: Arial, sans-serif; line-height: 115%;\"><span style=\"color: blue; font-size: large;\">PROJECTE FILOSOFIA 3-12: KLIMT<\/span><\/span><span lang=\"CA\"><o:p><\/o:p><\/span><\/div>\n<div style=\"text-align: center;\"><span style=\"background: white; font-family: Arial, sans-serif; line-height: 115%;\"><span style=\"color: blue; font-size: large;\"><br \/><\/span><\/span><\/div>\n<div style=\"text-align: center;\"><span style=\"background: white; font-family: Arial, sans-serif; line-height: 115%;\"><span style=\"color: blue; font-size: large;\"><br \/><\/span><\/span><\/div>\n<div style=\"text-align: center;\"><embed flashvars=\"host=picasaweb.google.com&amp;hl=es&amp;feat=flashalbum&amp;RGB=0x000000&amp;feed=https%3A%2F%2Fpicasaweb.google.com%2Fdata%2Ffeed%2Fapi%2Fuser%2F116332103343813142095%2Falbumid%2F6163071709022397089%3Falt%3Drss%26kind%3Dphoto%26hl%3Des\" height=\"267\" pluginspage=\"http:\/\/www.macromedia.com\/go\/getflashplayer\" src=\"https:\/\/photos.gstatic.com\/media\/slideshow.swf\" type=\"application\/x-shockwave-flash\" width=\"400\"><\/embed>  <\/div>\n<div style=\"text-align: center;\"><span style=\"color: blue; font-size: large;\"><br \/><\/span><\/div>\n<div style=\"text-align: center;\"><span style=\"color: blue; font-size: large;\">CASTELL DE P\u00daBOL: FUNDACI\u00d3 GALA-DAL\u00cd<\/span><\/div>\n<div style=\"text-align: center;\"><span style=\"color: blue; font-size: large;\"><br \/><\/span><\/div>\n<div style=\"text-align: center;\"><span style=\"color: blue; font-size: large;\"><br \/><\/span><\/div>\n<div style=\"text-align: center;\"><embed flashvars=\"host=picasaweb.google.com&amp;hl=es&amp;feat=flashalbum&amp;RGB=0x000000&amp;feed=https%3A%2F%2Fpicasaweb.google.com%2Fdata%2Ffeed%2Fapi%2Fuser%2F116332103343813142095%2Falbumid%2F6163255115047595041%3Falt%3Drss%26kind%3Dphoto%26hl%3Des\" height=\"267\" pluginspage=\"http:\/\/www.macromedia.com\/go\/getflashplayer\" src=\"https:\/\/photos.gstatic.com\/media\/slideshow.swf\" type=\"application\/x-shockwave-flash\" width=\"400\"><\/embed>  <\/div>\n<div style=\"text-align: center;\"><span style=\"color: blue; font-size: large;\">PROJECTE ELS OCELLS DE CERDANYOLA.<\/span><br \/><span style=\"color: blue; font-size: large;\">CA N&#8217;ORTAD\u00d3.<\/span><br \/><span style=\"background-color: white; font-family: arial, sans-serif; font-weight: bold; line-height: 18.8159999847412px; text-align: start;\"><span style=\"color: blue; font-size: large;\"><br \/><\/span><\/span><\/div>\n<div style=\"text-align: center;\"><span style=\"background-color: white; font-family: arial, sans-serif; font-weight: bold; line-height: 18.8159999847412px; text-align: start;\"><span style=\"color: blue; font-size: large;\"><br \/><\/span><\/span><\/div>\n<div style=\"text-align: center;\"><span style=\"background-color: white; font-family: arial, sans-serif; font-weight: bold; line-height: 18.8159999847412px; text-align: start;\"><span style=\"color: blue; font-size: large;\"><br \/><\/span><\/span><\/div>\n<div style=\"text-align: center;\"><embed flashvars=\"host=picasaweb.google.com&amp;hl=es&amp;feat=flashalbum&amp;RGB=0x000000&amp;feed=https%3A%2F%2Fpicasaweb.google.com%2Fdata%2Ffeed%2Fapi%2Fuser%2F116332103343813142095%2Falbumid%2F6163072110688585793%3Falt%3Drss%26kind%3Dphoto%26hl%3Des\" height=\"267\" pluginspage=\"http:\/\/www.macromedia.com\/go\/getflashplayer\" src=\"https:\/\/photos.gstatic.com\/media\/slideshow.swf\" type=\"application\/x-shockwave-flash\" width=\"400\"><\/embed> <\/div>\n","protected":false},"excerpt":{"rendered":"<p>ARRIBA EL TI\u00d3!<\/p>\n<p>PROJECTE FILOSOFIA 3-12: KLIMT<\/p>\n<p>CASTELL DE P\u00daBOL: FUNDACI\u00d3 GALA-DAL\u00cd<\/p>\n<p>PROJECTE ELS OCELLS DE CERDANYOLA.CA N&#8217;ORTAD\u00d3.<\/p>\n","protected":false},"author":6,"featured_media":0,"comment_status":"open","ping_status":"closed","sticky":false,"template":"","format":"standard","meta":{"_bbp_topic_count":0,"_bbp_reply_count":0,"_bbp_total_topic_count":0,"_bbp_total_reply_count":0,"_bbp_voice_count":0,"_bbp_anonymous_reply_count":0,"_bbp_topic_count_hidden":0,"_bbp_reply_count_hidden":0,"_bbp_forum_subforum_count":0,"footnotes":""},"categories":[2,9],"tags":[68],"class_list":["post-703","post","type-post","status-publish","format-standard","hentry","category-ei3-ei4-ei5","category-ei5","tag-infantil"],"post_mailing_queue_ids":[],"_links":{"self":[{"href":"https:\/\/agora.xtec.cat\/escolacollserolacerdanyola\/wp-json\/wp\/v2\/posts\/703","targetHints":{"allow":["GET"]}}],"collection":[{"href":"https:\/\/agora.xtec.cat\/escolacollserolacerdanyola\/wp-json\/wp\/v2\/posts"}],"about":[{"href":"https:\/\/agora.xtec.cat\/escolacollserolacerdanyola\/wp-json\/wp\/v2\/types\/post"}],"author":[{"embeddable":true,"href":"https:\/\/agora.xtec.cat\/escolacollserolacerdanyola\/wp-json\/wp\/v2\/users\/6"}],"replies":[{"embeddable":true,"href":"https:\/\/agora.xtec.cat\/escolacollserolacerdanyola\/wp-json\/wp\/v2\/comments?post=703"}],"version-history":[{"count":1,"href":"https:\/\/agora.xtec.cat\/escolacollserolacerdanyola\/wp-json\/wp\/v2\/posts\/703\/revisions"}],"predecessor-version":[{"id":796,"href":"https:\/\/agora.xtec.cat\/escolacollserolacerdanyola\/wp-json\/wp\/v2\/posts\/703\/revisions\/796"}],"wp:attachment":[{"href":"https:\/\/agora.xtec.cat\/escolacollserolacerdanyola\/wp-json\/wp\/v2\/media?parent=703"}],"wp:term":[{"taxonomy":"category","embeddable":true,"href":"https:\/\/agora.xtec.cat\/escolacollserolacerdanyola\/wp-json\/wp\/v2\/categories?post=703"},{"taxonomy":"post_tag","embeddable":true,"href":"https:\/\/agora.xtec.cat\/escolacollserolacerdanyola\/wp-json\/wp\/v2\/tags?post=703"}],"curies":[{"name":"wp","href":"https:\/\/api.w.org\/{rel}","templated":true}]}}