{"id":686,"date":"2015-10-22T16:08:00","date_gmt":"2015-10-22T14:08:00","guid":{"rendered":"http:\/\/agora.xtec.cat\/escolacollserolacerdanyola\/general\/primers-dies-a-la-classe-de-p3\/"},"modified":"2017-03-12T19:58:45","modified_gmt":"2017-03-12T18:58:45","slug":"primers-dies-a-la-classe-de-p3","status":"publish","type":"post","link":"https:\/\/agora.xtec.cat\/escolacollserolacerdanyola\/ei3-ei4-ei5\/primers-dies-a-la-classe-de-p3\/","title":{"rendered":"Primers dies a la classe de P3"},"content":{"rendered":"<div style=\"text-align: center;\"><b><span style=\"color: #a64d79;\">PRIMERS DIES A L&#8217;AULA DE P3 (ADAPTACI\u00d3) <\/span><\/b><\/div>\n<div style=\"text-align: center;\"><\/div>\n<div style=\"text-align: center;\">Ja podeu gaudir dels primers dies d&#8217;escola dels nens i nenes de P3. A l&#8217;adaptaci\u00f3 vam con\u00e8ixer nous companys i companyes, nous espais, noves mestres&#8230; Els primers dies trob\u00e0vem molt a faltar als papes i mames, per\u00f2 a mida que ens an\u00e0vem coneixent tots ens ho pass\u00e0vem m\u00e9s b\u00e9!    <\/div>\n<table style=\"text-align: center; width: 194px;\">\n<tbody>\n<tr>\n<td style=\"background: url(https:\/\/www.gstatic.com\/pwa\/s\/v\/lighthousefe_20150907.00_p0\/transparent_album_background.gif) 0% 50% no-repeat; height: 194px; text-align: center;\">\n<div style=\"clear: both; text-align: center;\"><a href=\"https:\/\/picasaweb.google.com\/116332103343813142095\/PrimersDiesAP3?authuser=0&amp;feat=embedwebsite\" style=\"margin-left: 1em; margin-right: 1em;\"><img loading=\"lazy\" decoding=\"async\" height=\"160\" src=\"https:\/\/lh3.googleusercontent.com\/-rzd0NgQQSfI\/Vij4VqwyENE\/AAAAAAAAEwA\/YtYGRjBm2AY\/s160-c-Ic42\/PrimersDiesAP3.jpg\" style=\"margin: 1px 0px 0px 4px;\" width=\"160\" \/><\/a><\/div>\n<\/td>\n<\/tr>\n<tr>\n<td style=\"font-family: arial,sans-serif; font-size: 11px; text-align: center;\"><a href=\"https:\/\/picasaweb.google.com\/116332103343813142095\/PrimersDiesAP3?authuser=0&amp;feat=embedwebsite\" style=\"color: #4d4d4d; font-weight: bold; text-decoration: none;\">Primers dies a P3<\/a><\/td>\n<\/tr>\n<\/tbody>\n<\/table>\n","protected":false},"excerpt":{"rendered":"<p>PRIMERS DIES A L&#8217;AULA DE P3 (ADAPTACI\u00d3) <\/p>\n<p>Ja podeu gaudir dels primers dies d&#8217;escola dels nens i nenes de P3. A l&#8217;adaptaci\u00f3 vam con\u00e8ixer nous companys i companyes, nous espais, noves mestres&#8230; Els primers dies trob\u00e0vem molt a faltar als papes i mames, per\u00f2 a&hellip;  <a href=\"https:\/\/agora.xtec.cat\/escolacollserolacerdanyola\/ei3-ei4-ei5\/primers-dies-a-la-classe-de-p3\/\" title=\"Read Primers dies a la classe de P3\">Llegeix m\u00e9s\u00bb<\/a><\/p>\n","protected":false},"author":6,"featured_media":0,"comment_status":"open","ping_status":"closed","sticky":false,"template":"","format":"standard","meta":{"_bbp_topic_count":0,"_bbp_reply_count":0,"_bbp_total_topic_count":0,"_bbp_total_reply_count":0,"_bbp_voice_count":0,"_bbp_anonymous_reply_count":0,"_bbp_topic_count_hidden":0,"_bbp_reply_count_hidden":0,"_bbp_forum_subforum_count":0,"footnotes":""},"categories":[2],"tags":[68],"class_list":["post-686","post","type-post","status-publish","format-standard","hentry","category-ei3-ei4-ei5","tag-infantil"],"post_mailing_queue_ids":[],"_links":{"self":[{"href":"https:\/\/agora.xtec.cat\/escolacollserolacerdanyola\/wp-json\/wp\/v2\/posts\/686","targetHints":{"allow":["GET"]}}],"collection":[{"href":"https:\/\/agora.xtec.cat\/escolacollserolacerdanyola\/wp-json\/wp\/v2\/posts"}],"about":[{"href":"https:\/\/agora.xtec.cat\/escolacollserolacerdanyola\/wp-json\/wp\/v2\/types\/post"}],"author":[{"embeddable":true,"href":"https:\/\/agora.xtec.cat\/escolacollserolacerdanyola\/wp-json\/wp\/v2\/users\/6"}],"replies":[{"embeddable":true,"href":"https:\/\/agora.xtec.cat\/escolacollserolacerdanyola\/wp-json\/wp\/v2\/comments?post=686"}],"version-history":[{"count":1,"href":"https:\/\/agora.xtec.cat\/escolacollserolacerdanyola\/wp-json\/wp\/v2\/posts\/686\/revisions"}],"predecessor-version":[{"id":779,"href":"https:\/\/agora.xtec.cat\/escolacollserolacerdanyola\/wp-json\/wp\/v2\/posts\/686\/revisions\/779"}],"wp:attachment":[{"href":"https:\/\/agora.xtec.cat\/escolacollserolacerdanyola\/wp-json\/wp\/v2\/media?parent=686"}],"wp:term":[{"taxonomy":"category","embeddable":true,"href":"https:\/\/agora.xtec.cat\/escolacollserolacerdanyola\/wp-json\/wp\/v2\/categories?post=686"},{"taxonomy":"post_tag","embeddable":true,"href":"https:\/\/agora.xtec.cat\/escolacollserolacerdanyola\/wp-json\/wp\/v2\/tags?post=686"}],"curies":[{"name":"wp","href":"https:\/\/api.w.org\/{rel}","templated":true}]}}