{"id":676,"date":"2015-11-16T19:51:00","date_gmt":"2015-11-16T18:51:00","guid":{"rendered":"http:\/\/agora.xtec.cat\/escolacollserolacerdanyola\/general\/excursio-al-zoo-p4-2015\/"},"modified":"2017-03-12T19:58:43","modified_gmt":"2017-03-12T18:58:43","slug":"excursio-al-zoo-p4-2015","status":"publish","type":"post","link":"https:\/\/agora.xtec.cat\/escolacollserolacerdanyola\/ei3-ei4-ei5\/excursio-al-zoo-p4-2015\/","title":{"rendered":"EXCURSI\u00d3 AL ZOO P4 2015"},"content":{"rendered":"<div style=\"text-align: center;\"><\/div>\n<div style=\"text-align: center;\"><\/div>\n<div style=\"text-align: center;\">El nens i les nenes de la classe dels tigres i les tigresses vam anar al zoo. Est\u00e0vem molt nerviosos, per\u00f2 finalment va arribar el dia. Vam poder gaudir d&#8217;un dia preci\u00f3s. Vam fer un taller sobre els tigres&nbsp; i despr\u00e9s vam fer un recorregut per on est\u00e0vem els felins. I, abans de marxar, vam poder veure l&#8217;espectacle dels dofins. UN DIA ROD\u00d3!!!<\/p>\n<\/div>\n<div style=\"text-align: center;\"><embed flashvars=\"host=picasaweb.google.com&amp;hl=es&amp;feat=flashalbum&amp;RGB=0x000000&amp;feed=https%3A%2F%2Fpicasaweb.google.com%2Fdata%2Ffeed%2Fapi%2Fuser%2F116332103343813142095%2Falbumid%2F6217818518820378929%3Falt%3Drss%26kind%3Dphoto%26hl%3Des\" height=\"267\" pluginspage=\"http:\/\/www.macromedia.com\/go\/getflashplayer\" src=\"https:\/\/photos.gstatic.com\/media\/slideshow.swf\" type=\"application\/x-shockwave-flash\" width=\"400\"><\/embed><\/div>\n","protected":false},"excerpt":{"rendered":"<p>El nens i les nenes de la classe dels tigres i les tigresses vam anar al zoo. Est\u00e0vem molt nerviosos, per\u00f2 finalment va arribar el dia. Vam poder gaudir d&#8217;un dia preci\u00f3s. Vam fer un taller sobre els tigres&nbsp; i despr\u00e9s vam fer un recorregut&hellip;  <a href=\"https:\/\/agora.xtec.cat\/escolacollserolacerdanyola\/ei3-ei4-ei5\/excursio-al-zoo-p4-2015\/\" title=\"Read EXCURSI\u00d3 AL ZOO P4 2015\">Llegeix m\u00e9s\u00bb<\/a><\/p>\n","protected":false},"author":6,"featured_media":0,"comment_status":"open","ping_status":"closed","sticky":false,"template":"","format":"standard","meta":{"_bbp_topic_count":0,"_bbp_reply_count":0,"_bbp_total_topic_count":0,"_bbp_total_reply_count":0,"_bbp_voice_count":0,"_bbp_anonymous_reply_count":0,"_bbp_topic_count_hidden":0,"_bbp_reply_count_hidden":0,"_bbp_forum_subforum_count":0,"footnotes":""},"categories":[2],"tags":[68],"class_list":["post-676","post","type-post","status-publish","format-standard","hentry","category-ei3-ei4-ei5","tag-infantil"],"post_mailing_queue_ids":[],"_links":{"self":[{"href":"https:\/\/agora.xtec.cat\/escolacollserolacerdanyola\/wp-json\/wp\/v2\/posts\/676","targetHints":{"allow":["GET"]}}],"collection":[{"href":"https:\/\/agora.xtec.cat\/escolacollserolacerdanyola\/wp-json\/wp\/v2\/posts"}],"about":[{"href":"https:\/\/agora.xtec.cat\/escolacollserolacerdanyola\/wp-json\/wp\/v2\/types\/post"}],"author":[{"embeddable":true,"href":"https:\/\/agora.xtec.cat\/escolacollserolacerdanyola\/wp-json\/wp\/v2\/users\/6"}],"replies":[{"embeddable":true,"href":"https:\/\/agora.xtec.cat\/escolacollserolacerdanyola\/wp-json\/wp\/v2\/comments?post=676"}],"version-history":[{"count":1,"href":"https:\/\/agora.xtec.cat\/escolacollserolacerdanyola\/wp-json\/wp\/v2\/posts\/676\/revisions"}],"predecessor-version":[{"id":769,"href":"https:\/\/agora.xtec.cat\/escolacollserolacerdanyola\/wp-json\/wp\/v2\/posts\/676\/revisions\/769"}],"wp:attachment":[{"href":"https:\/\/agora.xtec.cat\/escolacollserolacerdanyola\/wp-json\/wp\/v2\/media?parent=676"}],"wp:term":[{"taxonomy":"category","embeddable":true,"href":"https:\/\/agora.xtec.cat\/escolacollserolacerdanyola\/wp-json\/wp\/v2\/categories?post=676"},{"taxonomy":"post_tag","embeddable":true,"href":"https:\/\/agora.xtec.cat\/escolacollserolacerdanyola\/wp-json\/wp\/v2\/tags?post=676"}],"curies":[{"name":"wp","href":"https:\/\/api.w.org\/{rel}","templated":true}]}}