{"id":670,"date":"2015-12-28T20:16:00","date_gmt":"2015-12-28T19:16:00","guid":{"rendered":"http:\/\/agora.xtec.cat\/escolacollserolacerdanyola\/general\/les-activitats-de-nadal-p4-2015\/"},"modified":"2017-03-12T19:56:25","modified_gmt":"2017-03-12T18:56:25","slug":"les-activitats-de-nadal-p4-2015","status":"publish","type":"post","link":"https:\/\/agora.xtec.cat\/escolacollserolacerdanyola\/ei3-ei4-ei5\/les-activitats-de-nadal-p4-2015\/","title":{"rendered":"LES ACTIVITATS DE NADAL P4 2015"},"content":{"rendered":"<div style=\"text-align: center;\">\u00c9s dilluns i ens arriba una carta , Oh! ja arribat el TI\u00d3 a l&#8217;escola i l&#8217;anem a buscar fins al final del pati que \u00e9s on s&#8217;amaga. Que contents que estem!!!!! Cada dia li anem a posar menjar per a que ens cagui molt.<\/div>\n<div style=\"text-align: center;\">Quina sort tenim, el dimarts tamb\u00e9 arriba el patge dels reis i li donem una carta on hem demanat joguines per la classe.<br \/>El Divendres pugem al vest\u00edbul de l&#8217;escola que hi ha l&#8217;arbre dels desitjos i pengem una postal on els nens i les nens de P4 desitgem que tothom sigui molt amics i s&#8217;estimim molt.<\/div>\n<div style=\"text-align: center;\">L&#8217;\u00faltim dia vam cantar la nadala als nens i nenes d&#8217;infantil i cicle inicial i vam esmorzan els turrons, les galetes i neules que el TI\u00d3 ens va cagar.<\/p>\n<p><span style=\"font-size: large;\">BONES FESTES!!!<\/span><br \/><embed flashvars=\"host=picasaweb.google.com&amp;hl=es&amp;feat=flashalbum&amp;RGB=0x000000&amp;feed=https%3A%2F%2Fpicasaweb.google.com%2Fdata%2Ffeed%2Fapi%2Fuser%2F116332103343813142095%2Falbumid%2F6233408752725536353%3Falt%3Drss%26kind%3Dphoto%26hl%3Des\" height=\"267\" pluginspage=\"http:\/\/www.macromedia.com\/go\/getflashplayer\" src=\"https:\/\/photos.gstatic.com\/media\/slideshow.swf\" type=\"application\/x-shockwave-flash\" width=\"400\"><\/embed><\/div>\n","protected":false},"excerpt":{"rendered":"<p>\u00c9s dilluns i ens arriba una carta , Oh! ja arribat el TI\u00d3 a l&#8217;escola i l&#8217;anem a buscar fins al final del pati que \u00e9s on s&#8217;amaga. Que contents que estem!!!!! Cada dia li anem a posar menjar per a que ens cagui molt.<br \/>\nQuina&hellip;  <a href=\"https:\/\/agora.xtec.cat\/escolacollserolacerdanyola\/ei3-ei4-ei5\/les-activitats-de-nadal-p4-2015\/\" title=\"Read LES ACTIVITATS DE NADAL P4 2015\">Llegeix m\u00e9s\u00bb<\/a><\/p>\n","protected":false},"author":6,"featured_media":0,"comment_status":"open","ping_status":"closed","sticky":false,"template":"","format":"standard","meta":{"_bbp_topic_count":0,"_bbp_reply_count":0,"_bbp_total_topic_count":0,"_bbp_total_reply_count":0,"_bbp_voice_count":0,"_bbp_anonymous_reply_count":0,"_bbp_topic_count_hidden":0,"_bbp_reply_count_hidden":0,"_bbp_forum_subforum_count":0,"footnotes":""},"categories":[2],"tags":[68],"class_list":["post-670","post","type-post","status-publish","format-standard","hentry","category-ei3-ei4-ei5","tag-infantil"],"post_mailing_queue_ids":[],"_links":{"self":[{"href":"https:\/\/agora.xtec.cat\/escolacollserolacerdanyola\/wp-json\/wp\/v2\/posts\/670","targetHints":{"allow":["GET"]}}],"collection":[{"href":"https:\/\/agora.xtec.cat\/escolacollserolacerdanyola\/wp-json\/wp\/v2\/posts"}],"about":[{"href":"https:\/\/agora.xtec.cat\/escolacollserolacerdanyola\/wp-json\/wp\/v2\/types\/post"}],"author":[{"embeddable":true,"href":"https:\/\/agora.xtec.cat\/escolacollserolacerdanyola\/wp-json\/wp\/v2\/users\/6"}],"replies":[{"embeddable":true,"href":"https:\/\/agora.xtec.cat\/escolacollserolacerdanyola\/wp-json\/wp\/v2\/comments?post=670"}],"version-history":[{"count":1,"href":"https:\/\/agora.xtec.cat\/escolacollserolacerdanyola\/wp-json\/wp\/v2\/posts\/670\/revisions"}],"predecessor-version":[{"id":763,"href":"https:\/\/agora.xtec.cat\/escolacollserolacerdanyola\/wp-json\/wp\/v2\/posts\/670\/revisions\/763"}],"wp:attachment":[{"href":"https:\/\/agora.xtec.cat\/escolacollserolacerdanyola\/wp-json\/wp\/v2\/media?parent=670"}],"wp:term":[{"taxonomy":"category","embeddable":true,"href":"https:\/\/agora.xtec.cat\/escolacollserolacerdanyola\/wp-json\/wp\/v2\/categories?post=670"},{"taxonomy":"post_tag","embeddable":true,"href":"https:\/\/agora.xtec.cat\/escolacollserolacerdanyola\/wp-json\/wp\/v2\/tags?post=670"}],"curies":[{"name":"wp","href":"https:\/\/api.w.org\/{rel}","templated":true}]}}