{"id":669,"date":"2016-01-03T19:23:00","date_gmt":"2016-01-03T18:23:00","guid":{"rendered":"http:\/\/agora.xtec.cat\/escolacollserolacerdanyola\/general\/els-conills-anem-a-la-biblioteca-de-lescola\/"},"modified":"2017-03-12T19:56:25","modified_gmt":"2017-03-12T18:56:25","slug":"els-conills-anem-a-la-biblioteca-de-lescola","status":"publish","type":"post","link":"https:\/\/agora.xtec.cat\/escolacollserolacerdanyola\/ei3-ei4-ei5\/els-conills-anem-a-la-biblioteca-de-lescola\/","title":{"rendered":"Els conills anem a la biblioteca de l&#8217;escola"},"content":{"rendered":"<p>Passejant per l&#8217;escola per tal de con\u00e8ixer-la una mica millor, ens hem trobat amb una biblioteca! Els conills venim per tal de mirar contes. Aqu\u00ed hi ha molts!!  Si feu clic a la imatge podreu veure alguna foto m\u00e9s.  <\/p>\n<table style=\"width:194px;\">\n<tr>\n<td align=\"center\" style=\"height:194px;background:url(https:\/\/www.gstatic.com\/pwa\/s\/v\/lighthousefe_20151220.00_p0\/transparent_album_background.gif) no-repeat left\"><a href=\"https:\/\/picasaweb.google.com\/116332103343813142095\/ElsConillsALaBibliotecaP3?authuser=0&amp;feat=embedwebsite\"><img loading=\"lazy\" decoding=\"async\" src=\"https:\/\/lh3.googleusercontent.com\/-E1hbSeGtufw\/Volm3lIKzvE\/AAAAAAAAHOU\/D3ezO6Hk944\/s160-c-Ic42\/ElsConillsALaBibliotecaP3.jpg\" width=\"160\" height=\"160\" style=\"margin:1px 0 0 4px;\" \/><\/a><\/td>\n<\/tr>\n<tr>\n<td style=\"text-align:center;font-family:arial,sans-serif;font-size:11px\"><a href=\"https:\/\/picasaweb.google.com\/116332103343813142095\/ElsConillsALaBibliotecaP3?authuser=0&amp;feat=embedwebsite\" style=\"color:#4D4D4D;font-weight:bold;text-decoration:none;\">Els conills a la biblioteca (P3)<\/a><\/td>\n<\/tr>\n<\/table>\n","protected":false},"excerpt":{"rendered":"<p>Passejant per l&#8217;escola per tal de con\u00e8ixer-la una mica millor, ens hem trobat amb una biblioteca! Els conills venim per tal de mirar contes. Aqu\u00ed hi ha molts!!  Si feu clic a la imatge podreu veure alguna foto m\u00e9s.  <\/p>\n<p><a href=\"https:\/\/picasaweb.google.com\/116332103343813142095\/ElsConillsALaBibliotecaP3?authuser=0&amp;feat=embedwebsite\"><\/a><\/p>\n<p><a href=\"https:\/\/picasaweb.google.com\/116332103343813142095\/ElsConillsALaBibliotecaP3?authuser=0&amp;feat=embedwebsite\" style=\"color:#4D4D4D;font-weight:bold;text-decoration:none;\">Els&hellip;  <a href=\"https:\/\/agora.xtec.cat\/escolacollserolacerdanyola\/ei3-ei4-ei5\/els-conills-anem-a-la-biblioteca-de-lescola\/\" title=\"Read Els conills anem a la biblioteca de l&#8217;escola\">Llegeix m\u00e9s\u00bb<\/a><\/p>\n","protected":false},"author":6,"featured_media":0,"comment_status":"open","ping_status":"closed","sticky":false,"template":"","format":"standard","meta":{"_bbp_topic_count":0,"_bbp_reply_count":0,"_bbp_total_topic_count":0,"_bbp_total_reply_count":0,"_bbp_voice_count":0,"_bbp_anonymous_reply_count":0,"_bbp_topic_count_hidden":0,"_bbp_reply_count_hidden":0,"_bbp_forum_subforum_count":0,"footnotes":""},"categories":[2],"tags":[68],"class_list":["post-669","post","type-post","status-publish","format-standard","hentry","category-ei3-ei4-ei5","tag-infantil"],"post_mailing_queue_ids":[],"_links":{"self":[{"href":"https:\/\/agora.xtec.cat\/escolacollserolacerdanyola\/wp-json\/wp\/v2\/posts\/669","targetHints":{"allow":["GET"]}}],"collection":[{"href":"https:\/\/agora.xtec.cat\/escolacollserolacerdanyola\/wp-json\/wp\/v2\/posts"}],"about":[{"href":"https:\/\/agora.xtec.cat\/escolacollserolacerdanyola\/wp-json\/wp\/v2\/types\/post"}],"author":[{"embeddable":true,"href":"https:\/\/agora.xtec.cat\/escolacollserolacerdanyola\/wp-json\/wp\/v2\/users\/6"}],"replies":[{"embeddable":true,"href":"https:\/\/agora.xtec.cat\/escolacollserolacerdanyola\/wp-json\/wp\/v2\/comments?post=669"}],"version-history":[{"count":1,"href":"https:\/\/agora.xtec.cat\/escolacollserolacerdanyola\/wp-json\/wp\/v2\/posts\/669\/revisions"}],"predecessor-version":[{"id":762,"href":"https:\/\/agora.xtec.cat\/escolacollserolacerdanyola\/wp-json\/wp\/v2\/posts\/669\/revisions\/762"}],"wp:attachment":[{"href":"https:\/\/agora.xtec.cat\/escolacollserolacerdanyola\/wp-json\/wp\/v2\/media?parent=669"}],"wp:term":[{"taxonomy":"category","embeddable":true,"href":"https:\/\/agora.xtec.cat\/escolacollserolacerdanyola\/wp-json\/wp\/v2\/categories?post=669"},{"taxonomy":"post_tag","embeddable":true,"href":"https:\/\/agora.xtec.cat\/escolacollserolacerdanyola\/wp-json\/wp\/v2\/tags?post=669"}],"curies":[{"name":"wp","href":"https:\/\/api.w.org\/{rel}","templated":true}]}}