{"id":668,"date":"2016-01-03T19:38:00","date_gmt":"2016-01-03T18:38:00","guid":{"rendered":"http:\/\/agora.xtec.cat\/escolacollserolacerdanyola\/general\/classifiquem-objectes-grans-i-petits-a-p3\/"},"modified":"2017-03-12T19:56:25","modified_gmt":"2017-03-12T18:56:25","slug":"classifiquem-objectes-grans-i-petits-a-p3","status":"publish","type":"post","link":"https:\/\/agora.xtec.cat\/escolacollserolacerdanyola\/ei3-ei4-ei5\/classifiquem-objectes-grans-i-petits-a-p3\/","title":{"rendered":"Classifiquem objectes grans i petits a P3"},"content":{"rendered":"<div style=\"text-align: justify;\">Els Conills ens hem adonat d&#8217;una cosa, al nostre entorn hi ha objectes en gran i en petit. En arribar a l&#8217;escola, ens trobem amb una capsa, dintre hi ha coses, per\u00f2 no sabem que \u00e9s. La sacsegem i sembla que hi ha moltes coses dins!! Comencem a ficar la m\u00e0 i cadasc\u00fa de nosaltres treu un objecte. Resulta que \u00e9s el mateix objecte en gran i en petit, de manera que decidim classificar-los.           <embed flashvars=\"host=picasaweb.google.com&amp;hl=es&amp;feat=flashalbum&amp;RGB=0x000000&amp;feed=https%3A%2F%2Fpicasaweb.google.com%2Fdata%2Ffeed%2Fapi%2Fuser%2F116332103343813142095%2Falbumid%2F6235632065306183265%3Falt%3Drss%26kind%3Dphoto%26hl%3Des\" height=\"267\" pluginspage=\"http:\/\/www.macromedia.com\/go\/getflashplayer\" src=\"https:\/\/photos.gstatic.com\/media\/slideshow.swf\" type=\"application\/x-shockwave-flash\" width=\"400\"><\/embed><\/div>\n","protected":false},"excerpt":{"rendered":"<p>Els Conills ens hem adonat d&#8217;una cosa, al nostre entorn hi ha objectes en gran i en petit. En arribar a l&#8217;escola, ens trobem amb una capsa, dintre hi ha coses, per\u00f2 no sabem que \u00e9s. La sacsegem i sembla que hi ha moltes coses&hellip;  <a href=\"https:\/\/agora.xtec.cat\/escolacollserolacerdanyola\/ei3-ei4-ei5\/classifiquem-objectes-grans-i-petits-a-p3\/\" title=\"Read Classifiquem objectes grans i petits a P3\">Llegeix m\u00e9s\u00bb<\/a><\/p>\n","protected":false},"author":6,"featured_media":0,"comment_status":"open","ping_status":"closed","sticky":false,"template":"","format":"standard","meta":{"_bbp_topic_count":0,"_bbp_reply_count":0,"_bbp_total_topic_count":0,"_bbp_total_reply_count":0,"_bbp_voice_count":0,"_bbp_anonymous_reply_count":0,"_bbp_topic_count_hidden":0,"_bbp_reply_count_hidden":0,"_bbp_forum_subforum_count":0,"footnotes":""},"categories":[2,3],"tags":[68],"class_list":["post-668","post","type-post","status-publish","format-standard","hentry","category-ei3-ei4-ei5","category-ei3","tag-infantil"],"post_mailing_queue_ids":[],"_links":{"self":[{"href":"https:\/\/agora.xtec.cat\/escolacollserolacerdanyola\/wp-json\/wp\/v2\/posts\/668","targetHints":{"allow":["GET"]}}],"collection":[{"href":"https:\/\/agora.xtec.cat\/escolacollserolacerdanyola\/wp-json\/wp\/v2\/posts"}],"about":[{"href":"https:\/\/agora.xtec.cat\/escolacollserolacerdanyola\/wp-json\/wp\/v2\/types\/post"}],"author":[{"embeddable":true,"href":"https:\/\/agora.xtec.cat\/escolacollserolacerdanyola\/wp-json\/wp\/v2\/users\/6"}],"replies":[{"embeddable":true,"href":"https:\/\/agora.xtec.cat\/escolacollserolacerdanyola\/wp-json\/wp\/v2\/comments?post=668"}],"version-history":[{"count":1,"href":"https:\/\/agora.xtec.cat\/escolacollserolacerdanyola\/wp-json\/wp\/v2\/posts\/668\/revisions"}],"predecessor-version":[{"id":761,"href":"https:\/\/agora.xtec.cat\/escolacollserolacerdanyola\/wp-json\/wp\/v2\/posts\/668\/revisions\/761"}],"wp:attachment":[{"href":"https:\/\/agora.xtec.cat\/escolacollserolacerdanyola\/wp-json\/wp\/v2\/media?parent=668"}],"wp:term":[{"taxonomy":"category","embeddable":true,"href":"https:\/\/agora.xtec.cat\/escolacollserolacerdanyola\/wp-json\/wp\/v2\/categories?post=668"},{"taxonomy":"post_tag","embeddable":true,"href":"https:\/\/agora.xtec.cat\/escolacollserolacerdanyola\/wp-json\/wp\/v2\/tags?post=668"}],"curies":[{"name":"wp","href":"https:\/\/api.w.org\/{rel}","templated":true}]}}