{"id":648,"date":"2016-04-25T12:55:00","date_gmt":"2016-04-25T10:55:00","guid":{"rendered":"http:\/\/agora.xtec.cat\/escolacollserolacerdanyola\/general\/filosofia-3-18-gaudi-p4\/"},"modified":"2017-03-12T19:50:01","modified_gmt":"2017-03-12T18:50:01","slug":"filosofia-3-18-gaudi-p4","status":"publish","type":"post","link":"https:\/\/agora.xtec.cat\/escolacollserolacerdanyola\/ei3-ei4-ei5\/filosofia-3-18-gaudi-p4\/","title":{"rendered":"FILOSOFIA 3 \/18 GAUD\u00cd P4"},"content":{"rendered":"<div style=\"text-align: center;\">Aqu\u00ed teniu un recull de les diferents activitats realitzades a partir del treball de filosofia 3\/18 sobre Gaud\u00ed. Hem dibuixat una casa amb ceres i despr\u00e9s l&#8217;hem pintada amb aquarel\u00b7les fent el nostre carrer Gaud\u00ed, Omplint-lo amb trossets de papers a mode de trencad\u00eds. <\/div>\n<div style=\"text-align: center;\">Amb fang vam fer una intenpretaci\u00f3 de les xemenies i el llangardaix de Gaud\u00ed.<\/div>\n<div style=\"text-align: center;\">Tamb\u00e9 vam fer sols amb plats de cartr\u00f3 i pasta de diferetns formes i ho hem aprofitar per fer un cel ple de sols i poder decorar el passad\u00eds de l&#8217;escola.&nbsp;<\/div>\n<div style=\"text-align: center;\">Hem apr\u00e9s molt !!!!<\/div>\n<div style=\"text-align: center;\"><\/div>\n<p><embed flashvars=\"host=picasaweb.google.com&amp;hl=es&amp;feat=flashalbum&amp;RGB=0x000000&amp;feed=https%3A%2F%2Fpicasaweb.google.com%2Fdata%2Ffeed%2Fapi%2Fuser%2F116332103343813142095%2Falbumid%2F6275678350694269649%3Falt%3Drss%26kind%3Dphoto%26hl%3Des\" height=\"267\" pluginspage=\"http:\/\/www.macromedia.com\/go\/getflashplayer\" src=\"https:\/\/photos.gstatic.com\/media\/slideshow.swf\" type=\"application\/x-shockwave-flash\" width=\"400\"><\/embed><\/p>\n","protected":false},"excerpt":{"rendered":"<p>Aqu\u00ed teniu un recull de les diferents activitats realitzades a partir del treball de filosofia 3\/18 sobre Gaud\u00ed. Hem dibuixat una casa amb ceres i despr\u00e9s l&#8217;hem pintada amb aquarel\u00b7les fent el nostre carrer Gaud\u00ed, Omplint-lo amb trossets de papers a mode de trencad\u00eds.<br \/>\nAmb&hellip;  <a href=\"https:\/\/agora.xtec.cat\/escolacollserolacerdanyola\/ei3-ei4-ei5\/filosofia-3-18-gaudi-p4\/\" title=\"Read FILOSOFIA 3 \/18 GAUD\u00cd P4\">Llegeix m\u00e9s\u00bb<\/a><\/p>\n","protected":false},"author":6,"featured_media":0,"comment_status":"open","ping_status":"closed","sticky":false,"template":"","format":"standard","meta":{"_bbp_topic_count":0,"_bbp_reply_count":0,"_bbp_total_topic_count":0,"_bbp_total_reply_count":0,"_bbp_voice_count":0,"_bbp_anonymous_reply_count":0,"_bbp_topic_count_hidden":0,"_bbp_reply_count_hidden":0,"_bbp_forum_subforum_count":0,"footnotes":""},"categories":[2],"tags":[68],"class_list":["post-648","post","type-post","status-publish","format-standard","hentry","category-ei3-ei4-ei5","tag-infantil"],"post_mailing_queue_ids":[],"_links":{"self":[{"href":"https:\/\/agora.xtec.cat\/escolacollserolacerdanyola\/wp-json\/wp\/v2\/posts\/648","targetHints":{"allow":["GET"]}}],"collection":[{"href":"https:\/\/agora.xtec.cat\/escolacollserolacerdanyola\/wp-json\/wp\/v2\/posts"}],"about":[{"href":"https:\/\/agora.xtec.cat\/escolacollserolacerdanyola\/wp-json\/wp\/v2\/types\/post"}],"author":[{"embeddable":true,"href":"https:\/\/agora.xtec.cat\/escolacollserolacerdanyola\/wp-json\/wp\/v2\/users\/6"}],"replies":[{"embeddable":true,"href":"https:\/\/agora.xtec.cat\/escolacollserolacerdanyola\/wp-json\/wp\/v2\/comments?post=648"}],"version-history":[{"count":1,"href":"https:\/\/agora.xtec.cat\/escolacollserolacerdanyola\/wp-json\/wp\/v2\/posts\/648\/revisions"}],"predecessor-version":[{"id":741,"href":"https:\/\/agora.xtec.cat\/escolacollserolacerdanyola\/wp-json\/wp\/v2\/posts\/648\/revisions\/741"}],"wp:attachment":[{"href":"https:\/\/agora.xtec.cat\/escolacollserolacerdanyola\/wp-json\/wp\/v2\/media?parent=648"}],"wp:term":[{"taxonomy":"category","embeddable":true,"href":"https:\/\/agora.xtec.cat\/escolacollserolacerdanyola\/wp-json\/wp\/v2\/categories?post=648"},{"taxonomy":"post_tag","embeddable":true,"href":"https:\/\/agora.xtec.cat\/escolacollserolacerdanyola\/wp-json\/wp\/v2\/tags?post=648"}],"curies":[{"name":"wp","href":"https:\/\/api.w.org\/{rel}","templated":true}]}}