{"id":647,"date":"2016-04-25T17:21:00","date_gmt":"2016-04-25T15:21:00","guid":{"rendered":"http:\/\/agora.xtec.cat\/escolacollserolacerdanyola\/general\/raco-dels-arquitectes-p4\/"},"modified":"2017-03-12T19:50:01","modified_gmt":"2017-03-12T18:50:01","slug":"raco-dels-arquitectes-p4","status":"publish","type":"post","link":"https:\/\/agora.xtec.cat\/escolacollserolacerdanyola\/ei3-ei4-ei5\/raco-dels-arquitectes-p4\/","title":{"rendered":"RAC\u00d3 DELS ARQUITECTES P4"},"content":{"rendered":"<div style=\"text-align: center;\">Experimentem&nbsp; amb fustes de diferents formes i tubs. Mireu quines construccions que hem fet.&nbsp;<\/div>\n<div style=\"text-align: center;\">Fem d&#8217;aquitectes com Gaud\u00ed, constru\u00efm les nostres cases.<\/div>\n<div style=\"text-align: center;\">Ens ho hem passat d&#8217;all\u00f2 m\u00e9s b\u00e9 col\u00b7laborant amb els nostres companys\/es.     <embed flashvars=\"host=picasaweb.google.com&amp;hl=es&amp;feat=flashalbum&amp;RGB=0x000000&amp;feed=https%3A%2F%2Fpicasaweb.google.com%2Fdata%2Ffeed%2Fapi%2Fuser%2F116332103343813142095%2Falbumid%2F6277199043059864641%3Falt%3Drss%26kind%3Dphoto%26hl%3Des\" height=\"267\" pluginspage=\"http:\/\/www.macromedia.com\/go\/getflashplayer\" src=\"https:\/\/photos.gstatic.com\/media\/slideshow.swf\" type=\"application\/x-shockwave-flash\" width=\"400\"><\/embed><\/div>\n","protected":false},"excerpt":{"rendered":"<p>Experimentem&nbsp; amb fustes de diferents formes i tubs. Mireu quines construccions que hem fet.&nbsp;<br \/>\nFem d&#8217;aquitectes com Gaud\u00ed, constru\u00efm les nostres cases.<br \/>\nEns ho hem passat d&#8217;all\u00f2 m\u00e9s b\u00e9 col\u00b7laborant amb els nostres companys\/es.     <\/p>\n","protected":false},"author":6,"featured_media":0,"comment_status":"open","ping_status":"closed","sticky":false,"template":"","format":"standard","meta":{"_bbp_topic_count":0,"_bbp_reply_count":0,"_bbp_total_topic_count":0,"_bbp_total_reply_count":0,"_bbp_voice_count":0,"_bbp_anonymous_reply_count":0,"_bbp_topic_count_hidden":0,"_bbp_reply_count_hidden":0,"_bbp_forum_subforum_count":0,"footnotes":""},"categories":[2],"tags":[68],"class_list":["post-647","post","type-post","status-publish","format-standard","hentry","category-ei3-ei4-ei5","tag-infantil"],"post_mailing_queue_ids":[],"_links":{"self":[{"href":"https:\/\/agora.xtec.cat\/escolacollserolacerdanyola\/wp-json\/wp\/v2\/posts\/647","targetHints":{"allow":["GET"]}}],"collection":[{"href":"https:\/\/agora.xtec.cat\/escolacollserolacerdanyola\/wp-json\/wp\/v2\/posts"}],"about":[{"href":"https:\/\/agora.xtec.cat\/escolacollserolacerdanyola\/wp-json\/wp\/v2\/types\/post"}],"author":[{"embeddable":true,"href":"https:\/\/agora.xtec.cat\/escolacollserolacerdanyola\/wp-json\/wp\/v2\/users\/6"}],"replies":[{"embeddable":true,"href":"https:\/\/agora.xtec.cat\/escolacollserolacerdanyola\/wp-json\/wp\/v2\/comments?post=647"}],"version-history":[{"count":1,"href":"https:\/\/agora.xtec.cat\/escolacollserolacerdanyola\/wp-json\/wp\/v2\/posts\/647\/revisions"}],"predecessor-version":[{"id":740,"href":"https:\/\/agora.xtec.cat\/escolacollserolacerdanyola\/wp-json\/wp\/v2\/posts\/647\/revisions\/740"}],"wp:attachment":[{"href":"https:\/\/agora.xtec.cat\/escolacollserolacerdanyola\/wp-json\/wp\/v2\/media?parent=647"}],"wp:term":[{"taxonomy":"category","embeddable":true,"href":"https:\/\/agora.xtec.cat\/escolacollserolacerdanyola\/wp-json\/wp\/v2\/categories?post=647"},{"taxonomy":"post_tag","embeddable":true,"href":"https:\/\/agora.xtec.cat\/escolacollserolacerdanyola\/wp-json\/wp\/v2\/tags?post=647"}],"curies":[{"name":"wp","href":"https:\/\/api.w.org\/{rel}","templated":true}]}}