{"id":646,"date":"2016-05-02T12:23:00","date_gmt":"2016-05-02T10:23:00","guid":{"rendered":"http:\/\/agora.xtec.cat\/escolacollserolacerdanyola\/general\/excursio-la-pedrera-p4-2016\/"},"modified":"2017-03-12T19:50:00","modified_gmt":"2017-03-12T18:50:00","slug":"excursio-la-pedrera-p4-2016","status":"publish","type":"post","link":"https:\/\/agora.xtec.cat\/escolacollserolacerdanyola\/ei3-ei4-ei5\/excursio-la-pedrera-p4-2016\/","title":{"rendered":"EXCURSI\u00d3 LA PEDRERA P4 2016"},"content":{"rendered":"<div style=\"text-align: center;\"><span style=\"font-size: xx-small;\">ELS NENS I LES NENES DE P4 HEM ANAT D&#8217;EXCURSI\u00d3 A LA PEDRERA. UNA SENYORETA MOLT SIMP\u00c0TICA ENS VA ENSENYAR&nbsp; I EXPLICAR MOLTES COSES SOBRE EL QUE GAUD\u00cd VA CONSTRUIR A LA PEDRERA O CASA MIL\u00c0. ENS VAN ENSENYAR UN PIS, DESPR\u00c9S VAM PUJAR PER UNES ESCALES EN FORMA DE GARGOL FINS ARRIBAR AL TERRAT, ON VAM PODER VEURE LES XEMENEIES,&nbsp; ELS BADALOTS, I LA VISTA DE BARCELONA. UI!! ESTEM SUPER ALTS. UN COP ACABADA LA VISITA, VAM TORNAR A AGRAFAR L&#8217;AUTOCAR I VAM ANAR CAP A SANT QUIRZE DEL VALL\u00c8S, AL PARC DE LES MORISQUES ON HI HA UNA REPRODUCCI\u00d3 DEL LLANGANDAIX DEL GAUD\u00cd. QUINA GANA QUE TEN\u00cdEM.. VAM DINAR I VAM ESTAR FOR\u00c7A ESTONA JUGANT AL PARC. ENS HO VAM PASSAR S\u00daPER B\u00c9!!!!<\/span><\/div>\n<p><embed flashvars=\"host=picasaweb.google.com&amp;hl=es&amp;feat=flashalbum&amp;RGB=0x000000&amp;feed=https%3A%2F%2Fpicasaweb.google.com%2Fdata%2Ffeed%2Fapi%2Fuser%2F116332103343813142095%2Falbumid%2F6277207955985179361%3Falt%3Drss%26kind%3Dphoto%26hl%3Des\" height=\"267\" pluginspage=\"http:\/\/www.macromedia.com\/go\/getflashplayer\" src=\"https:\/\/photos.gstatic.com\/media\/slideshow.swf\" type=\"application\/x-shockwave-flash\" width=\"400\"><\/embed><\/p>\n","protected":false},"excerpt":{"rendered":"<p>ELS NENS I LES NENES DE P4 HEM ANAT D&#8217;EXCURSI\u00d3 A LA PEDRERA. UNA SENYORETA MOLT SIMP\u00c0TICA ENS VA ENSENYAR&nbsp; I EXPLICAR MOLTES COSES SOBRE EL QUE GAUD\u00cd VA CONSTRUIR A LA PEDRERA O CASA MIL\u00c0. ENS VAN ENSENYAR UN PIS, DESPR\u00c9S VAM PUJAR PER&hellip;  <a href=\"https:\/\/agora.xtec.cat\/escolacollserolacerdanyola\/ei3-ei4-ei5\/excursio-la-pedrera-p4-2016\/\" title=\"Read EXCURSI\u00d3 LA PEDRERA P4 2016\">Llegeix m\u00e9s\u00bb<\/a><\/p>\n","protected":false},"author":6,"featured_media":0,"comment_status":"open","ping_status":"closed","sticky":false,"template":"","format":"standard","meta":{"_bbp_topic_count":0,"_bbp_reply_count":0,"_bbp_total_topic_count":0,"_bbp_total_reply_count":0,"_bbp_voice_count":0,"_bbp_anonymous_reply_count":0,"_bbp_topic_count_hidden":0,"_bbp_reply_count_hidden":0,"_bbp_forum_subforum_count":0,"footnotes":""},"categories":[2],"tags":[68],"class_list":["post-646","post","type-post","status-publish","format-standard","hentry","category-ei3-ei4-ei5","tag-infantil"],"post_mailing_queue_ids":[],"_links":{"self":[{"href":"https:\/\/agora.xtec.cat\/escolacollserolacerdanyola\/wp-json\/wp\/v2\/posts\/646","targetHints":{"allow":["GET"]}}],"collection":[{"href":"https:\/\/agora.xtec.cat\/escolacollserolacerdanyola\/wp-json\/wp\/v2\/posts"}],"about":[{"href":"https:\/\/agora.xtec.cat\/escolacollserolacerdanyola\/wp-json\/wp\/v2\/types\/post"}],"author":[{"embeddable":true,"href":"https:\/\/agora.xtec.cat\/escolacollserolacerdanyola\/wp-json\/wp\/v2\/users\/6"}],"replies":[{"embeddable":true,"href":"https:\/\/agora.xtec.cat\/escolacollserolacerdanyola\/wp-json\/wp\/v2\/comments?post=646"}],"version-history":[{"count":1,"href":"https:\/\/agora.xtec.cat\/escolacollserolacerdanyola\/wp-json\/wp\/v2\/posts\/646\/revisions"}],"predecessor-version":[{"id":739,"href":"https:\/\/agora.xtec.cat\/escolacollserolacerdanyola\/wp-json\/wp\/v2\/posts\/646\/revisions\/739"}],"wp:attachment":[{"href":"https:\/\/agora.xtec.cat\/escolacollserolacerdanyola\/wp-json\/wp\/v2\/media?parent=646"}],"wp:term":[{"taxonomy":"category","embeddable":true,"href":"https:\/\/agora.xtec.cat\/escolacollserolacerdanyola\/wp-json\/wp\/v2\/categories?post=646"},{"taxonomy":"post_tag","embeddable":true,"href":"https:\/\/agora.xtec.cat\/escolacollserolacerdanyola\/wp-json\/wp\/v2\/tags?post=646"}],"curies":[{"name":"wp","href":"https:\/\/api.w.org\/{rel}","templated":true}]}}