{"id":644,"date":"2016-05-08T18:12:00","date_gmt":"2016-05-08T16:12:00","guid":{"rendered":"http:\/\/agora.xtec.cat\/escolacollserolacerdanyola\/general\/els-conills-descobrim-a-joan-miro\/"},"modified":"2017-03-12T19:49:29","modified_gmt":"2017-03-12T18:49:29","slug":"els-conills-descobrim-a-joan-miro","status":"publish","type":"post","link":"https:\/\/agora.xtec.cat\/escolacollserolacerdanyola\/ei3-ei4-ei5\/els-conills-descobrim-a-joan-miro\/","title":{"rendered":"Els conills descobrim a Joan Mir\u00f2"},"content":{"rendered":"<p>Amb el projecte de Filosofia 3\/18, que refor\u00e7a les habilitats reflexives, descobrim a Joan Mir\u00f3. Fem una petita pinzellada de la seva vida per tal de saber qui era i que feia. La primera obra que coneixem \u00e9s &#8220;Personatge davant el sol&#8221;. Presentem la obra primerament tapada i, mica en mica, anem destapant a la vegada que anem fent hip\u00f2tesis de que \u00e9s el que hi ha amagat. Un cop la destapem, parlem del que veiem, que pot ser, que ens imaginem que volia fer en Mir\u00f3&#8230; Al passad\u00eds preparem un gran paper a la paret i ens disposem a fer la nostra propia obra &#8220;Personatge davant el sol&#8221;.<\/p>\n<p>A la sortida a la fundaci\u00f3, ens expliquen moltes coses de com treballava al seu taller. Al tornar a l&#8217;escola, decidim posar en pr\u00e0ctica la t\u00e8cnica de la esquitxada al passad\u00eds de l&#8217;escola. Posem pintura en gots de pl\u00e0stic i la llencem pel paper, fem esquitxades amb els pinzells, pintem&#8230; Els conillets s&#8217;ho passen d&#8217;all\u00f2 m\u00e9s b\u00e9.<\/p>\n<p>Mir\u00f3 tamb\u00e9 feia escultures. Ens centrem en &#8220;Parella d&#8217;enamorats&#8221;. La descobrim mica en mica, pensem que poden ser els personatges, que fan, quin nom t\u00e9 la obra&#8230; Al museu aquesta obra \u00e9s molt gran, per\u00f2 nosaltres fem una petita reproducci\u00f3 amb plastilina. Ens ha quedat molt bonica!!<\/p>\n<p>Per acabar amb aquest autor, veiem un dels molts autoretrats que va fer. Ens adonem que va dibuixar la seva cara i parlem de com fer una cara, que hi dibuixem (ulls, nas boca&#8230;). Com que Mir\u00f3 dibuixava moltes vegades en vertical, decidim agafar els cavallets del passad\u00eds i col\u00b7loquem uns miralls per poder veure&#8217;ns b\u00e9 la cara. Amb pintura negra dibuixem el nostre autoretrat. Un cop la pintura est\u00e0 seca, pintem el dibuix amb ceres.   <embed type=\"application\/x-shockwave-flash\" src=\"https:\/\/photos.gstatic.com\/media\/slideshow.swf\" width=\"400\" height=\"267\" flashvars=\"host=picasaweb.google.com&#038;hl=es&#038;feat=flashalbum&#038;RGB=0x000000&#038;feed=https%3A%2F%2Fpicasaweb.google.com%2Fdata%2Ffeed%2Fapi%2Fuser%2F116332103343813142095%2Falbumid%2F6282361198290588609%3Falt%3Drss%26kind%3Dphoto%26hl%3Des\" pluginspage=\"http:\/\/www.macromedia.com\/go\/getflashplayer\"><\/embed><\/p>\n","protected":false},"excerpt":{"rendered":"<p>Amb el projecte de Filosofia 3\/18, que refor\u00e7a les habilitats reflexives, descobrim a Joan Mir\u00f3. Fem una petita pinzellada de la seva vida per tal de saber qui era i que feia. La primera obra que coneixem \u00e9s &#8220;Personatge davant el sol&#8221;. Presentem la obra&hellip;  <a href=\"https:\/\/agora.xtec.cat\/escolacollserolacerdanyola\/ei3-ei4-ei5\/els-conills-descobrim-a-joan-miro\/\" title=\"Read Els conills descobrim a Joan Mir\u00f2\">Llegeix m\u00e9s\u00bb<\/a><\/p>\n","protected":false},"author":6,"featured_media":0,"comment_status":"open","ping_status":"closed","sticky":false,"template":"","format":"standard","meta":{"_bbp_topic_count":0,"_bbp_reply_count":0,"_bbp_total_topic_count":0,"_bbp_total_reply_count":0,"_bbp_voice_count":0,"_bbp_anonymous_reply_count":0,"_bbp_topic_count_hidden":0,"_bbp_reply_count_hidden":0,"_bbp_forum_subforum_count":0,"footnotes":""},"categories":[2,3],"tags":[68],"class_list":["post-644","post","type-post","status-publish","format-standard","hentry","category-ei3-ei4-ei5","category-ei3","tag-infantil"],"post_mailing_queue_ids":[],"_links":{"self":[{"href":"https:\/\/agora.xtec.cat\/escolacollserolacerdanyola\/wp-json\/wp\/v2\/posts\/644","targetHints":{"allow":["GET"]}}],"collection":[{"href":"https:\/\/agora.xtec.cat\/escolacollserolacerdanyola\/wp-json\/wp\/v2\/posts"}],"about":[{"href":"https:\/\/agora.xtec.cat\/escolacollserolacerdanyola\/wp-json\/wp\/v2\/types\/post"}],"author":[{"embeddable":true,"href":"https:\/\/agora.xtec.cat\/escolacollserolacerdanyola\/wp-json\/wp\/v2\/users\/6"}],"replies":[{"embeddable":true,"href":"https:\/\/agora.xtec.cat\/escolacollserolacerdanyola\/wp-json\/wp\/v2\/comments?post=644"}],"version-history":[{"count":1,"href":"https:\/\/agora.xtec.cat\/escolacollserolacerdanyola\/wp-json\/wp\/v2\/posts\/644\/revisions"}],"predecessor-version":[{"id":737,"href":"https:\/\/agora.xtec.cat\/escolacollserolacerdanyola\/wp-json\/wp\/v2\/posts\/644\/revisions\/737"}],"wp:attachment":[{"href":"https:\/\/agora.xtec.cat\/escolacollserolacerdanyola\/wp-json\/wp\/v2\/media?parent=644"}],"wp:term":[{"taxonomy":"category","embeddable":true,"href":"https:\/\/agora.xtec.cat\/escolacollserolacerdanyola\/wp-json\/wp\/v2\/categories?post=644"},{"taxonomy":"post_tag","embeddable":true,"href":"https:\/\/agora.xtec.cat\/escolacollserolacerdanyola\/wp-json\/wp\/v2\/tags?post=644"}],"curies":[{"name":"wp","href":"https:\/\/api.w.org\/{rel}","templated":true}]}}