{"id":626,"date":"2017-01-07T22:37:00","date_gmt":"2017-01-07T21:37:00","guid":{"rendered":""},"modified":"2017-03-11T18:38:11","modified_gmt":"2017-03-11T17:38:11","slug":"p4-a-lhort","status":"publish","type":"post","link":"https:\/\/agora.xtec.cat\/escolacollserolacerdanyola\/ei3-ei4-ei5\/p4-a-lhort\/","title":{"rendered":"P4 A L&#8217;HORT"},"content":{"rendered":"<h2><span style=\"color: #6aa84f;\">Comen\u00e7a l&#8217;escola i amb aquesta&#8230; la temporada d&#8217;hort!!<\/span><\/h2>\n<h2><span style=\"color: #6aa84f;\"><br \/>\nAmb l&#8217;ajuda de la Montse i de les mares de la comissi\u00f3 de l&#8217;hort, els nens i nenes de P4 ens encarreguem de les tasques de cura i manteniment.\u00a0<\/span><\/h2>\n<h2><span style=\"color: #6aa84f;\"><br \/>\nEls primers dies hav\u00edem de treure males herbes, posar terra nova, plantar flors i verdures&#8230; Tamb\u00e9 hem visitat el codonyer de l&#8217;hort de prim\u00e0ria. Estava plen\u00edssim de codonys!!! El vam dibuixar i agafar alguns codonys.<\/span><\/h2>\n<h2><span style=\"color: #6aa84f;\"><br \/>\nTamb\u00e9 hem vist com s\u00f3n les llavors de diferents fruites i verdures. Aprofitant que els ten\u00edem, els hem plantat per veure que hi surt d&#8217;aquestes llavors.\u00a0<\/span><\/h2>\n<h2><span style=\"color: #6aa84f;\"><br \/>\nPodeu veure les imatges clicant al seg\u00fcent t\u00edtol.\u00a0<\/span><\/h2>\n<h2>\n<a href=\"https:\/\/goo.gl\/photos\/eLKWWRLucrkGSg816\" target=\"_blank\">Cavallets de mar a l&#8217;hort<\/a><\/h2>\n","protected":false},"excerpt":{"rendered":"<p>Comen\u00e7a l&#8217;escola i amb aquesta&#8230; la temporada d&#8217;hort!!<\/p>\n<p>Amb l&#8217;ajuda de la Montse i de les mares de la comissi\u00f3 de l&#8217;hort, els nens i nenes de P4 ens encarreguem de les tasques de cura i manteniment.\u00a0<\/p>\n<p>Els primers dies hav\u00edem de treure males herbes, posar terra&hellip;  <a href=\"https:\/\/agora.xtec.cat\/escolacollserolacerdanyola\/ei3-ei4-ei5\/p4-a-lhort\/\" title=\"Read P4 A L&#8217;HORT\">Llegeix m\u00e9s\u00bb<\/a><\/p>\n","protected":false},"author":6,"featured_media":0,"comment_status":"open","ping_status":"closed","sticky":false,"template":"","format":"standard","meta":{"_bbp_topic_count":0,"_bbp_reply_count":0,"_bbp_total_topic_count":0,"_bbp_total_reply_count":0,"_bbp_voice_count":0,"_bbp_anonymous_reply_count":0,"_bbp_topic_count_hidden":0,"_bbp_reply_count_hidden":0,"_bbp_forum_subforum_count":0,"footnotes":""},"categories":[2],"tags":[68],"class_list":["post-626","post","type-post","status-publish","format-standard","hentry","category-ei3-ei4-ei5","tag-infantil"],"post_mailing_queue_ids":[],"_links":{"self":[{"href":"https:\/\/agora.xtec.cat\/escolacollserolacerdanyola\/wp-json\/wp\/v2\/posts\/626","targetHints":{"allow":["GET"]}}],"collection":[{"href":"https:\/\/agora.xtec.cat\/escolacollserolacerdanyola\/wp-json\/wp\/v2\/posts"}],"about":[{"href":"https:\/\/agora.xtec.cat\/escolacollserolacerdanyola\/wp-json\/wp\/v2\/types\/post"}],"author":[{"embeddable":true,"href":"https:\/\/agora.xtec.cat\/escolacollserolacerdanyola\/wp-json\/wp\/v2\/users\/6"}],"replies":[{"embeddable":true,"href":"https:\/\/agora.xtec.cat\/escolacollserolacerdanyola\/wp-json\/wp\/v2\/comments?post=626"}],"version-history":[{"count":2,"href":"https:\/\/agora.xtec.cat\/escolacollserolacerdanyola\/wp-json\/wp\/v2\/posts\/626\/revisions"}],"predecessor-version":[{"id":817,"href":"https:\/\/agora.xtec.cat\/escolacollserolacerdanyola\/wp-json\/wp\/v2\/posts\/626\/revisions\/817"}],"wp:attachment":[{"href":"https:\/\/agora.xtec.cat\/escolacollserolacerdanyola\/wp-json\/wp\/v2\/media?parent=626"}],"wp:term":[{"taxonomy":"category","embeddable":true,"href":"https:\/\/agora.xtec.cat\/escolacollserolacerdanyola\/wp-json\/wp\/v2\/categories?post=626"},{"taxonomy":"post_tag","embeddable":true,"href":"https:\/\/agora.xtec.cat\/escolacollserolacerdanyola\/wp-json\/wp\/v2\/tags?post=626"}],"curies":[{"name":"wp","href":"https:\/\/api.w.org\/{rel}","templated":true}]}}