{"id":624,"date":"2017-01-10T21:55:00","date_gmt":"2017-01-10T20:55:00","guid":{"rendered":""},"modified":"2017-03-11T18:37:25","modified_gmt":"2017-03-11T17:37:25","slug":"el-nadal-a-p3","status":"publish","type":"post","link":"https:\/\/agora.xtec.cat\/escolacollserolacerdanyola\/ei3-ei4-ei5\/el-nadal-a-p3\/","title":{"rendered":"EL NADAL A P3"},"content":{"rendered":"<p><span style=\"font-family: Arial, Helvetica, sans-serif;\">Ha arribat el Nadal, i amb ell, el ti\u00f3, el patge reial, les nadales davant els companys&#8230;<\/span><\/p>\n<div><span style=\"font-family: Arial, Helvetica, sans-serif;\">Quantes emocions i alegries durant aquests dies!! Ens ho hem passat molt b\u00e9 donant de menjar al ti\u00f3, mirant com creix i cantant-li una can\u00e7\u00f3 per a que ens cagui molts regals! Ens ha donat torrons, neules, polvorons i galetes per esmorzar i un conte de cabretes per la classe!<\/span><\/div>\n<div><span style=\"font-family: Arial, Helvetica, sans-serif;\">\u00a0<\/span><\/div>\n<div><span style=\"font-family: Arial, Helvetica, sans-serif;\">Feu clic, i podreu veure algunes fotos de les celebracions del\u00a0<a href=\"https:\/\/goo.gl\/photos\/C7TfYdNUoAZjTHbF7\" target=\"_blank\" rel=\"nofollow\">NADAL<\/a>.<\/span><\/div>\n","protected":false},"excerpt":{"rendered":"<p>Ha arribat el Nadal, i amb ell, el ti\u00f3, el patge reial, les nadales davant els companys&#8230;<br \/>\nQuantes emocions i alegries durant aquests dies!! Ens ho hem passat molt b\u00e9 donant de menjar al ti\u00f3, mirant com creix i cantant-li una can\u00e7\u00f3 per a que ens&hellip;  <a href=\"https:\/\/agora.xtec.cat\/escolacollserolacerdanyola\/ei3-ei4-ei5\/el-nadal-a-p3\/\" title=\"Read EL NADAL A P3\">Llegeix m\u00e9s\u00bb<\/a><\/p>\n","protected":false},"author":6,"featured_media":0,"comment_status":"open","ping_status":"closed","sticky":false,"template":"","format":"standard","meta":{"_bbp_topic_count":0,"_bbp_reply_count":0,"_bbp_total_topic_count":0,"_bbp_total_reply_count":0,"_bbp_voice_count":0,"_bbp_anonymous_reply_count":0,"_bbp_topic_count_hidden":0,"_bbp_reply_count_hidden":0,"_bbp_forum_subforum_count":0,"footnotes":""},"categories":[2],"tags":[68],"class_list":["post-624","post","type-post","status-publish","format-standard","hentry","category-ei3-ei4-ei5","tag-infantil"],"post_mailing_queue_ids":[],"_links":{"self":[{"href":"https:\/\/agora.xtec.cat\/escolacollserolacerdanyola\/wp-json\/wp\/v2\/posts\/624","targetHints":{"allow":["GET"]}}],"collection":[{"href":"https:\/\/agora.xtec.cat\/escolacollserolacerdanyola\/wp-json\/wp\/v2\/posts"}],"about":[{"href":"https:\/\/agora.xtec.cat\/escolacollserolacerdanyola\/wp-json\/wp\/v2\/types\/post"}],"author":[{"embeddable":true,"href":"https:\/\/agora.xtec.cat\/escolacollserolacerdanyola\/wp-json\/wp\/v2\/users\/6"}],"replies":[{"embeddable":true,"href":"https:\/\/agora.xtec.cat\/escolacollserolacerdanyola\/wp-json\/wp\/v2\/comments?post=624"}],"version-history":[{"count":2,"href":"https:\/\/agora.xtec.cat\/escolacollserolacerdanyola\/wp-json\/wp\/v2\/posts\/624\/revisions"}],"predecessor-version":[{"id":815,"href":"https:\/\/agora.xtec.cat\/escolacollserolacerdanyola\/wp-json\/wp\/v2\/posts\/624\/revisions\/815"}],"wp:attachment":[{"href":"https:\/\/agora.xtec.cat\/escolacollserolacerdanyola\/wp-json\/wp\/v2\/media?parent=624"}],"wp:term":[{"taxonomy":"category","embeddable":true,"href":"https:\/\/agora.xtec.cat\/escolacollserolacerdanyola\/wp-json\/wp\/v2\/categories?post=624"},{"taxonomy":"post_tag","embeddable":true,"href":"https:\/\/agora.xtec.cat\/escolacollserolacerdanyola\/wp-json\/wp\/v2\/tags?post=624"}],"curies":[{"name":"wp","href":"https:\/\/api.w.org\/{rel}","templated":true}]}}