{"id":621,"date":"2017-01-24T13:14:00","date_gmt":"2017-01-24T12:14:00","guid":{"rendered":""},"modified":"2017-03-11T18:33:49","modified_gmt":"2017-03-11T17:33:49","slug":"sortida-a-laquarium-de-p4-i-p5-2016-2017","status":"publish","type":"post","link":"https:\/\/agora.xtec.cat\/escolacollserolacerdanyola\/ei3-ei4-ei5\/sortida-a-laquarium-de-p4-i-p5-2016-2017\/","title":{"rendered":"Sortida a l&#8217;aquarium de P4 i P5 (2016-2017)"},"content":{"rendered":"<p>Hola fam\u00edlies!!<\/p>\n<div><\/div>\n<div>Aquest curs, els nens i les nenes de P4 i P5 hem fet una sortida conjunta a l&#8217;Aquarium de Barcelona. Com ja sabeu, \u00e9s una sortida relacionada amb el projecte del nom de la classe i, aquest any, som animals marins!!<\/div>\n<div><\/div>\n<div>Els infants de P4 ens diem Cavallets de mar i els nens i nenes de P5 s\u00f3n les Tortugues marines. Els Cavallets de mar vam poder veure un estanc ple de cavallets de mar, quina impressi\u00f3 veure&#8217;ls en viu i en directe!! Les tortugues marines no vam poder veure cap tortuga, per\u00f2 vam veure l&#8217;h\u00e0bitat on viuen, aix\u00ed com altres animals marins.<\/div>\n<div><\/div>\n<div>Feu clic el t\u00edtol de sota per veure les fotos.<\/div>\n<div><\/div>\n<h2><a href=\"https:\/\/goo.gl\/photos\/oVE9BTNNfmu5GVPF9\" target=\"_blank\"><span style=\"color: #3d85c6;\">Cavallets de mar i Tortugues marines a l&#8217;Aquarium<\/span><\/a><\/h2>\n","protected":false},"excerpt":{"rendered":"<p>Hola fam\u00edlies!!<\/p>\n<p>Aquest curs, els nens i les nenes de P4 i P5 hem fet una sortida conjunta a l&#8217;Aquarium de Barcelona. Com ja sabeu, \u00e9s una sortida relacionada amb el projecte del nom de la classe i, aquest any, som animals marins!!<\/p>\n<p>Els infants de P4&hellip;  <a href=\"https:\/\/agora.xtec.cat\/escolacollserolacerdanyola\/ei3-ei4-ei5\/sortida-a-laquarium-de-p4-i-p5-2016-2017\/\" title=\"Read Sortida a l&#8217;aquarium de P4 i P5 (2016-2017)\">Llegeix m\u00e9s\u00bb<\/a><\/p>\n","protected":false},"author":6,"featured_media":0,"comment_status":"open","ping_status":"closed","sticky":false,"template":"","format":"standard","meta":{"_bbp_topic_count":0,"_bbp_reply_count":0,"_bbp_total_topic_count":0,"_bbp_total_reply_count":0,"_bbp_voice_count":0,"_bbp_anonymous_reply_count":0,"_bbp_topic_count_hidden":0,"_bbp_reply_count_hidden":0,"_bbp_forum_subforum_count":0,"footnotes":""},"categories":[2],"tags":[68],"class_list":["post-621","post","type-post","status-publish","format-standard","hentry","category-ei3-ei4-ei5","tag-infantil"],"post_mailing_queue_ids":[],"_links":{"self":[{"href":"https:\/\/agora.xtec.cat\/escolacollserolacerdanyola\/wp-json\/wp\/v2\/posts\/621","targetHints":{"allow":["GET"]}}],"collection":[{"href":"https:\/\/agora.xtec.cat\/escolacollserolacerdanyola\/wp-json\/wp\/v2\/posts"}],"about":[{"href":"https:\/\/agora.xtec.cat\/escolacollserolacerdanyola\/wp-json\/wp\/v2\/types\/post"}],"author":[{"embeddable":true,"href":"https:\/\/agora.xtec.cat\/escolacollserolacerdanyola\/wp-json\/wp\/v2\/users\/6"}],"replies":[{"embeddable":true,"href":"https:\/\/agora.xtec.cat\/escolacollserolacerdanyola\/wp-json\/wp\/v2\/comments?post=621"}],"version-history":[{"count":2,"href":"https:\/\/agora.xtec.cat\/escolacollserolacerdanyola\/wp-json\/wp\/v2\/posts\/621\/revisions"}],"predecessor-version":[{"id":812,"href":"https:\/\/agora.xtec.cat\/escolacollserolacerdanyola\/wp-json\/wp\/v2\/posts\/621\/revisions\/812"}],"wp:attachment":[{"href":"https:\/\/agora.xtec.cat\/escolacollserolacerdanyola\/wp-json\/wp\/v2\/media?parent=621"}],"wp:term":[{"taxonomy":"category","embeddable":true,"href":"https:\/\/agora.xtec.cat\/escolacollserolacerdanyola\/wp-json\/wp\/v2\/categories?post=621"},{"taxonomy":"post_tag","embeddable":true,"href":"https:\/\/agora.xtec.cat\/escolacollserolacerdanyola\/wp-json\/wp\/v2\/tags?post=621"}],"curies":[{"name":"wp","href":"https:\/\/api.w.org\/{rel}","templated":true}]}}