{"id":618,"date":"2017-03-09T13:40:00","date_gmt":"2017-03-09T12:40:00","guid":{"rendered":""},"modified":"2017-03-11T18:32:26","modified_gmt":"2017-03-11T17:32:26","slug":"jocs-nous-al-pati-dinfantil","status":"publish","type":"post","link":"https:\/\/agora.xtec.cat\/escolacollserolacerdanyola\/ei3-ei4-ei5\/jocs-nous-al-pati-dinfantil\/","title":{"rendered":"Jocs nous al pati d&#8217;infantil"},"content":{"rendered":"<p>Aquest any, les noies de pr\u00e0ctiques, han portat a terme un projecte de renovaci\u00f3 del pati d&#8217;educaci\u00f3 infantil. Han incorporat espais nous de joc i han remodelat altres que ja hi havia. Aix\u00ed doncs, comptem amb els espais de construccions, sorral, rodes, troncs i m\u00fasica.<\/p>\n<p>Per poder fer-ho, han rebut l&#8217;ajuda de les fam\u00edlies de l&#8217;escola, tant per portar material com per crear alguns dels espais.<\/p>\n<p>Els nens i les nenes estan encantats!!!<\/p>\n<p>Moltes gr\u00e0cies Patricia, Ainhoa i Maite per la vostra il\u00b7lusi\u00f3 i el pati nou que heu ajudat a construir.<\/p>\n<p><span style=\"font-size: large;\"><a href=\"https:\/\/goo.gl\/photos\/iR6ffqQXjFeESrKa8\" target=\"_blank\">Inauguraci\u00f3 i jocs nous al pati d&#8217;infantil<\/a><\/span><\/p>\n","protected":false},"excerpt":{"rendered":"<p>Aquest any, les noies de pr\u00e0ctiques, han portat a terme un projecte de renovaci\u00f3 del pati d&#8217;educaci\u00f3 infantil. Han incorporat espais nous de joc i han remodelat altres que ja hi havia. Aix\u00ed doncs, comptem amb els espais de construccions, sorral, rodes, troncs i m\u00fasica.<br \/>\nPer&hellip;  <a href=\"https:\/\/agora.xtec.cat\/escolacollserolacerdanyola\/ei3-ei4-ei5\/jocs-nous-al-pati-dinfantil\/\" title=\"Read Jocs nous al pati d&#8217;infantil\">Llegeix m\u00e9s\u00bb<\/a><\/p>\n","protected":false},"author":6,"featured_media":0,"comment_status":"open","ping_status":"closed","sticky":false,"template":"","format":"standard","meta":{"_bbp_topic_count":0,"_bbp_reply_count":0,"_bbp_total_topic_count":0,"_bbp_total_reply_count":0,"_bbp_voice_count":0,"_bbp_anonymous_reply_count":0,"_bbp_topic_count_hidden":0,"_bbp_reply_count_hidden":0,"_bbp_forum_subforum_count":0,"footnotes":""},"categories":[2],"tags":[68],"class_list":["post-618","post","type-post","status-publish","format-standard","hentry","category-ei3-ei4-ei5","tag-infantil"],"post_mailing_queue_ids":[],"_links":{"self":[{"href":"https:\/\/agora.xtec.cat\/escolacollserolacerdanyola\/wp-json\/wp\/v2\/posts\/618","targetHints":{"allow":["GET"]}}],"collection":[{"href":"https:\/\/agora.xtec.cat\/escolacollserolacerdanyola\/wp-json\/wp\/v2\/posts"}],"about":[{"href":"https:\/\/agora.xtec.cat\/escolacollserolacerdanyola\/wp-json\/wp\/v2\/types\/post"}],"author":[{"embeddable":true,"href":"https:\/\/agora.xtec.cat\/escolacollserolacerdanyola\/wp-json\/wp\/v2\/users\/6"}],"replies":[{"embeddable":true,"href":"https:\/\/agora.xtec.cat\/escolacollserolacerdanyola\/wp-json\/wp\/v2\/comments?post=618"}],"version-history":[{"count":2,"href":"https:\/\/agora.xtec.cat\/escolacollserolacerdanyola\/wp-json\/wp\/v2\/posts\/618\/revisions"}],"predecessor-version":[{"id":809,"href":"https:\/\/agora.xtec.cat\/escolacollserolacerdanyola\/wp-json\/wp\/v2\/posts\/618\/revisions\/809"}],"wp:attachment":[{"href":"https:\/\/agora.xtec.cat\/escolacollserolacerdanyola\/wp-json\/wp\/v2\/media?parent=618"}],"wp:term":[{"taxonomy":"category","embeddable":true,"href":"https:\/\/agora.xtec.cat\/escolacollserolacerdanyola\/wp-json\/wp\/v2\/categories?post=618"},{"taxonomy":"post_tag","embeddable":true,"href":"https:\/\/agora.xtec.cat\/escolacollserolacerdanyola\/wp-json\/wp\/v2\/tags?post=618"}],"curies":[{"name":"wp","href":"https:\/\/api.w.org\/{rel}","templated":true}]}}