{"id":617,"date":"2017-03-11T17:36:51","date_gmt":"2017-03-11T16:36:51","guid":{"rendered":"http:\/\/agora.xtec.cat\/escolacollserolacerdanyola\/general\/carnaval-2017\/"},"modified":"2017-03-11T18:30:12","modified_gmt":"2017-03-11T17:30:12","slug":"carnaval-2017","status":"publish","type":"post","link":"https:\/\/agora.xtec.cat\/escolacollserolacerdanyola\/ei3-ei4-ei5\/carnaval-2017\/","title":{"rendered":"Carnaval 2017"},"content":{"rendered":"<p>Al Carnaval, comen\u00e7a la gresca i tot s&#8217;hi val!!!<\/p>\n<p>Durant la setmana de carnaval hem fet activitats i tallers per passar-ho b\u00e9!!!! Hem fet tallers internivell per fomentar la relaci\u00f3 i els vincles entre els nens i nenes de tota l&#8217;etapa d&#8217;educaci\u00f3 infantil.<\/p>\n<p>Ens hem divertit fent m\u00e0scares, maquillatge i disfressant-nos per la gran festa de Carnaval.<\/p>\n<p>A continuaci\u00f3 podeu veure les imatges d&#8217;aquesta setmana tan divertida.<\/p>\n<p><a href=\"https:\/\/goo.gl\/photos\/qb9yoi44iWB3aH3h6\" target=\"_blank\">Tallers internivell<\/a><\/p>\n<p><a href=\"https:\/\/goo.gl\/photos\/f9pVnvJqqyXUZKz88\" target=\"_blank\">Festa de Carnaval<\/a><\/p>\n<p>videos desfilada<\/p>\n","protected":false},"excerpt":{"rendered":"<p>Al Carnaval, comen\u00e7a la gresca i tot s&#8217;hi val!!!<br \/>\nDurant la setmana de carnaval hem fet activitats i tallers per passar-ho b\u00e9!!!! Hem fet tallers internivell per fomentar la relaci\u00f3 i els vincles entre els nens i nenes de tota l&#8217;etapa d&#8217;educaci\u00f3 infantil.<br \/>\nEns hem divertit fent&hellip;  <a href=\"https:\/\/agora.xtec.cat\/escolacollserolacerdanyola\/ei3-ei4-ei5\/carnaval-2017\/\" title=\"Read Carnaval 2017\">Llegeix m\u00e9s\u00bb<\/a><\/p>\n","protected":false},"author":6,"featured_media":0,"comment_status":"open","ping_status":"closed","sticky":false,"template":"","format":"standard","meta":{"_bbp_topic_count":0,"_bbp_reply_count":0,"_bbp_total_topic_count":0,"_bbp_total_reply_count":0,"_bbp_voice_count":0,"_bbp_anonymous_reply_count":0,"_bbp_topic_count_hidden":0,"_bbp_reply_count_hidden":0,"_bbp_forum_subforum_count":0,"footnotes":""},"categories":[2],"tags":[68],"class_list":["post-617","post","type-post","status-publish","format-standard","hentry","category-ei3-ei4-ei5","tag-infantil"],"post_mailing_queue_ids":[],"_links":{"self":[{"href":"https:\/\/agora.xtec.cat\/escolacollserolacerdanyola\/wp-json\/wp\/v2\/posts\/617","targetHints":{"allow":["GET"]}}],"collection":[{"href":"https:\/\/agora.xtec.cat\/escolacollserolacerdanyola\/wp-json\/wp\/v2\/posts"}],"about":[{"href":"https:\/\/agora.xtec.cat\/escolacollserolacerdanyola\/wp-json\/wp\/v2\/types\/post"}],"author":[{"embeddable":true,"href":"https:\/\/agora.xtec.cat\/escolacollserolacerdanyola\/wp-json\/wp\/v2\/users\/6"}],"replies":[{"embeddable":true,"href":"https:\/\/agora.xtec.cat\/escolacollserolacerdanyola\/wp-json\/wp\/v2\/comments?post=617"}],"version-history":[{"count":2,"href":"https:\/\/agora.xtec.cat\/escolacollserolacerdanyola\/wp-json\/wp\/v2\/posts\/617\/revisions"}],"predecessor-version":[{"id":806,"href":"https:\/\/agora.xtec.cat\/escolacollserolacerdanyola\/wp-json\/wp\/v2\/posts\/617\/revisions\/806"}],"wp:attachment":[{"href":"https:\/\/agora.xtec.cat\/escolacollserolacerdanyola\/wp-json\/wp\/v2\/media?parent=617"}],"wp:term":[{"taxonomy":"category","embeddable":true,"href":"https:\/\/agora.xtec.cat\/escolacollserolacerdanyola\/wp-json\/wp\/v2\/categories?post=617"},{"taxonomy":"post_tag","embeddable":true,"href":"https:\/\/agora.xtec.cat\/escolacollserolacerdanyola\/wp-json\/wp\/v2\/tags?post=617"}],"curies":[{"name":"wp","href":"https:\/\/api.w.org\/{rel}","templated":true}]}}