{"id":616,"date":"2017-03-11T17:36:51","date_gmt":"2017-03-11T16:36:51","guid":{"rendered":"http:\/\/agora.xtec.cat\/escolacollserolacerdanyola\/general\/cuines-del-mon-amb-les-families\/"},"modified":"2017-03-11T18:30:43","modified_gmt":"2017-03-11T17:30:43","slug":"cuines-del-mon-amb-les-families","status":"publish","type":"post","link":"https:\/\/agora.xtec.cat\/escolacollserolacerdanyola\/ei3-ei4-ei5\/cuines-del-mon-amb-les-families\/","title":{"rendered":"Cuines del m\u00f3n amb les fam\u00edlies"},"content":{"rendered":"<p>Hem fet la volta al m\u00f3n!!!<\/p>\n<p>Els nens i nenes d&#8217;infantil, hem fet un viatge culinari. Com que les jornades culturals d&#8217;aquest any tracten de la cuina del m\u00f3n, hem demanat ajuda a les fam\u00edlies i hem elaborat receptes de 3 pa\u00efsos diferents:<\/p>\n<p>&#8211; A P3, hem elaborat galetes de xocolata (cookies) t\u00edpiques dels EEUU.<br \/>\n&#8211; A P4, hem elaborat d\u00e0tils farcits de coco, t\u00edpics del Marroc.<br \/>\n&#8211; A P5, hem elaborat una torta pastafrola, t\u00edpica d&#8217;Argentina.<\/p>\n<p>Com que tenia tan bona pinta, hem decidit fer un berenar col\u00b7lectiu per tal de poder compartir el menjar elaborat.<\/p>\n<p>Tot seguit podeu gaudir de les imatges i de les nostres receptes.<\/p>\n<p>Gr\u00e0cies a les fam\u00edlies que van formar part i que ens van ensenyar una mica dels seus or\u00edgens.<\/p>\n<p><a href=\"https:\/\/goo.gl\/photos\/XyAdHiSpMc7hYJoR9\" target=\"_blank\">Cookies de xocolata a P3<\/a><\/p>\n<p><a href=\"https:\/\/goo.gl\/photos\/2rGpzfS6DqMoyNZX8\" target=\"_blank\">D\u00e0tils farcits de coco a P4<\/a><\/p>\n<p><a href=\"https:\/\/goo.gl\/photos\/QMTuB4MazxVB66Zg9\" target=\"_blank\">Pastafrola P5<\/a><\/p>\n<p><a href=\"https:\/\/goo.gl\/photos\/ctbuzmxsNR7uWYcKA\" target=\"_blank\">Berenar conjunt<\/a><\/p>\n","protected":false},"excerpt":{"rendered":"<p>Hem fet la volta al m\u00f3n!!!<br \/>\nEls nens i nenes d&#8217;infantil, hem fet un viatge culinari. Com que les jornades culturals d&#8217;aquest any tracten de la cuina del m\u00f3n, hem demanat ajuda a les fam\u00edlies i hem elaborat receptes de 3 pa\u00efsos diferents:<br \/>\n&#8211; A P3, hem&hellip;  <a href=\"https:\/\/agora.xtec.cat\/escolacollserolacerdanyola\/ei3-ei4-ei5\/cuines-del-mon-amb-les-families\/\" title=\"Read Cuines del m\u00f3n amb les fam\u00edlies\">Llegeix m\u00e9s\u00bb<\/a><\/p>\n","protected":false},"author":6,"featured_media":0,"comment_status":"open","ping_status":"closed","sticky":false,"template":"","format":"standard","meta":{"_bbp_topic_count":0,"_bbp_reply_count":0,"_bbp_total_topic_count":0,"_bbp_total_reply_count":0,"_bbp_voice_count":0,"_bbp_anonymous_reply_count":0,"_bbp_topic_count_hidden":0,"_bbp_reply_count_hidden":0,"_bbp_forum_subforum_count":0,"footnotes":""},"categories":[2],"tags":[68],"class_list":["post-616","post","type-post","status-publish","format-standard","hentry","category-ei3-ei4-ei5","tag-infantil"],"post_mailing_queue_ids":[],"_links":{"self":[{"href":"https:\/\/agora.xtec.cat\/escolacollserolacerdanyola\/wp-json\/wp\/v2\/posts\/616","targetHints":{"allow":["GET"]}}],"collection":[{"href":"https:\/\/agora.xtec.cat\/escolacollserolacerdanyola\/wp-json\/wp\/v2\/posts"}],"about":[{"href":"https:\/\/agora.xtec.cat\/escolacollserolacerdanyola\/wp-json\/wp\/v2\/types\/post"}],"author":[{"embeddable":true,"href":"https:\/\/agora.xtec.cat\/escolacollserolacerdanyola\/wp-json\/wp\/v2\/users\/6"}],"replies":[{"embeddable":true,"href":"https:\/\/agora.xtec.cat\/escolacollserolacerdanyola\/wp-json\/wp\/v2\/comments?post=616"}],"version-history":[{"count":2,"href":"https:\/\/agora.xtec.cat\/escolacollserolacerdanyola\/wp-json\/wp\/v2\/posts\/616\/revisions"}],"predecessor-version":[{"id":807,"href":"https:\/\/agora.xtec.cat\/escolacollserolacerdanyola\/wp-json\/wp\/v2\/posts\/616\/revisions\/807"}],"wp:attachment":[{"href":"https:\/\/agora.xtec.cat\/escolacollserolacerdanyola\/wp-json\/wp\/v2\/media?parent=616"}],"wp:term":[{"taxonomy":"category","embeddable":true,"href":"https:\/\/agora.xtec.cat\/escolacollserolacerdanyola\/wp-json\/wp\/v2\/categories?post=616"},{"taxonomy":"post_tag","embeddable":true,"href":"https:\/\/agora.xtec.cat\/escolacollserolacerdanyola\/wp-json\/wp\/v2\/tags?post=616"}],"curies":[{"name":"wp","href":"https:\/\/api.w.org\/{rel}","templated":true}]}}