{"id":615,"date":"2017-03-11T17:36:51","date_gmt":"2017-03-11T16:36:51","guid":{"rendered":"http:\/\/agora.xtec.cat\/escolacollserolacerdanyola\/general\/som-cuiners\/"},"modified":"2017-03-11T18:31:09","modified_gmt":"2017-03-11T17:31:09","slug":"som-cuiners","status":"publish","type":"post","link":"https:\/\/agora.xtec.cat\/escolacollserolacerdanyola\/ei3-ei4-ei5\/som-cuiners\/","title":{"rendered":"Som cuiners"},"content":{"rendered":"<p>Els nens i les nenes d&#8217;educaci\u00f3 infantil, amb motiu de les jornades culturals, ens hem convertit en Petits Xefs!!!<\/p>\n<p>Amb ajuda de les xefs i de les mestres, hem elaborat una coca de recapte. Ens ha quedat bon\u00edssima!!!<\/p>\n<p>Tot seguit podeu gaudir de les fotos per classes.<\/p>\n<p><a href=\"https:\/\/goo.gl\/photos\/Gq9ZdahPx7hs7Dfp8\" target=\"_blank\">Petit Xef a P3<\/a><\/p>\n<p><a href=\"https:\/\/goo.gl\/photos\/6xuD3NSqueQHHzdo6\" target=\"_blank\">Petit Xef a P4<\/a><\/p>\n<p><a href=\"https:\/\/goo.gl\/photos\/hYQg6VAos4EoCrYZ7\" target=\"_blank\">Petit Xef a P5<\/a><\/p>\n<p>A m\u00e9s a m\u00e9s, amb la fruita que ens envien del Pla de Consum de Fruita, hem elaborat unes bon\u00edssimes broquetes de fruites amb xocolata!<\/p>\n<p><a href=\"https:\/\/goo.gl\/photos\/4ctgW2VsH14dR3Ss5\" target=\"_blank\">Broquetes de fruites amb xocolata<\/a><\/p>\n","protected":false},"excerpt":{"rendered":"<p>Els nens i les nenes d&#8217;educaci\u00f3 infantil, amb motiu de les jornades culturals, ens hem convertit en Petits Xefs!!!<br \/>\nAmb ajuda de les xefs i de les mestres, hem elaborat una coca de recapte. Ens ha quedat bon\u00edssima!!!<br \/>\nTot seguit podeu gaudir de les fotos per classes.<br \/>\n<a&hellip;  <a href=\"https:\/\/agora.xtec.cat\/escolacollserolacerdanyola\/ei3-ei4-ei5\/som-cuiners\/\" title=\"Read Som cuiners\">Llegeix m\u00e9s\u00bb<\/a><\/p>\n","protected":false},"author":6,"featured_media":0,"comment_status":"open","ping_status":"closed","sticky":false,"template":"","format":"standard","meta":{"_bbp_topic_count":0,"_bbp_reply_count":0,"_bbp_total_topic_count":0,"_bbp_total_reply_count":0,"_bbp_voice_count":0,"_bbp_anonymous_reply_count":0,"_bbp_topic_count_hidden":0,"_bbp_reply_count_hidden":0,"_bbp_forum_subforum_count":0,"footnotes":""},"categories":[2],"tags":[68],"class_list":["post-615","post","type-post","status-publish","format-standard","hentry","category-ei3-ei4-ei5","tag-infantil"],"post_mailing_queue_ids":[],"_links":{"self":[{"href":"https:\/\/agora.xtec.cat\/escolacollserolacerdanyola\/wp-json\/wp\/v2\/posts\/615","targetHints":{"allow":["GET"]}}],"collection":[{"href":"https:\/\/agora.xtec.cat\/escolacollserolacerdanyola\/wp-json\/wp\/v2\/posts"}],"about":[{"href":"https:\/\/agora.xtec.cat\/escolacollserolacerdanyola\/wp-json\/wp\/v2\/types\/post"}],"author":[{"embeddable":true,"href":"https:\/\/agora.xtec.cat\/escolacollserolacerdanyola\/wp-json\/wp\/v2\/users\/6"}],"replies":[{"embeddable":true,"href":"https:\/\/agora.xtec.cat\/escolacollserolacerdanyola\/wp-json\/wp\/v2\/comments?post=615"}],"version-history":[{"count":2,"href":"https:\/\/agora.xtec.cat\/escolacollserolacerdanyola\/wp-json\/wp\/v2\/posts\/615\/revisions"}],"predecessor-version":[{"id":808,"href":"https:\/\/agora.xtec.cat\/escolacollserolacerdanyola\/wp-json\/wp\/v2\/posts\/615\/revisions\/808"}],"wp:attachment":[{"href":"https:\/\/agora.xtec.cat\/escolacollserolacerdanyola\/wp-json\/wp\/v2\/media?parent=615"}],"wp:term":[{"taxonomy":"category","embeddable":true,"href":"https:\/\/agora.xtec.cat\/escolacollserolacerdanyola\/wp-json\/wp\/v2\/categories?post=615"},{"taxonomy":"post_tag","embeddable":true,"href":"https:\/\/agora.xtec.cat\/escolacollserolacerdanyola\/wp-json\/wp\/v2\/tags?post=615"}],"curies":[{"name":"wp","href":"https:\/\/api.w.org\/{rel}","templated":true}]}}