{"id":28400,"date":"2024-02-11T19:35:15","date_gmt":"2024-02-11T18:35:15","guid":{"rendered":"https:\/\/agora.xtec.cat\/escolacollserolacerdanyola\/?p=28400"},"modified":"2024-02-11T19:35:37","modified_gmt":"2024-02-11T18:35:37","slug":"ei-3-anys-carnaval","status":"publish","type":"post","link":"https:\/\/agora.xtec.cat\/escolacollserolacerdanyola\/ei3-ei4-ei5\/ei3\/ei-3-anys-carnaval\/","title":{"rendered":"EI 3 ANYS- CARNAVAL!!"},"content":{"rendered":"<p class=\"cvGsUA direction-ltr align-center para-style-body\"><span class=\"OYPEnA text-decoration-none text-strikethrough-none\">BENVINGUDES FAM\u00cdLIES!<\/span><\/p>\n<p class=\"cvGsUA direction-ltr align-center para-style-body\"><span class=\"OYPEnA text-decoration-none text-strikethrough-none\">A LA CLASSE DE LES TORTUGUES HEM VISCUT UN CARNAVAL D&#8217;ALL\u00d2 M\u00c9S ENGRESCAT. HEM FET UN MUNT D&#8217;ACTIVITATS: ENS HEM PINTAT LA CARA I DISFRESSAT A L&#8217;AULA DE JOC SIMB\u00d2LIC, HEM CREAT UN DISPENSADOR DE CONFETI, HEM DECORAT VIDRIERES, HEM FET EL NOSTRE NOM DISFRESSAT&#8230; TOT AMB MOLT D&#8217;ESTIL I DISBAUXA, JA QUE NO HAN FALTAT ELS PENTINATS ESBOJARRATS, UNES CARES BEN MAQUILLADES I UN DIA SENCER AMB PIJAMA. LA FESTA HA ARRIBAT AL SEU FINAL AMB UNA BONA DISFRESSA, UNA DESFILADA, MOLTA M\u00daSICA I UNA BATUCADA.<\/span><\/p>\n<p class=\"cvGsUA direction-ltr align-center para-style-body\"><span class=\"OYPEnA text-decoration-none text-strikethrough-none\">VISCA LA REINA CARNESTOLTES!! Cliqueu <a href=\"https:\/\/agora.xtec.cat\/escolacollserolacerdanyola\/wp-content\/uploads\/usu1390\/2024\/02\/CARNAVAL.pdf\">CARNAVAL<\/a><\/span><\/p>\n<p class=\"cvGsUA direction-ltr align-center para-style-body\">\n","protected":false},"excerpt":{"rendered":"<p>BENVINGUDES FAM\u00cdLIES!<br \/>\nA LA CLASSE DE LES TORTUGUES HEM VISCUT UN CARNAVAL D&#8217;ALL\u00d2 M\u00c9S ENGRESCAT. HEM FET UN MUNT D&#8217;ACTIVITATS: ENS HEM PINTAT LA CARA I DISFRESSAT A L&#8217;AULA DE JOC SIMB\u00d2LIC, HEM CREAT UN DISPENSADOR DE CONFETI, HEM DECORAT VIDRIERES, HEM FET EL NOSTRE NOM&hellip;  <a href=\"https:\/\/agora.xtec.cat\/escolacollserolacerdanyola\/ei3-ei4-ei5\/ei3\/ei-3-anys-carnaval\/\" title=\"Read EI 3 ANYS- CARNAVAL!!\">Llegeix m\u00e9s\u00bb<\/a><\/p>\n","protected":false},"author":6,"featured_media":28401,"comment_status":"open","ping_status":"closed","sticky":false,"template":"","format":"standard","meta":{"_bbp_topic_count":0,"_bbp_reply_count":0,"_bbp_total_topic_count":0,"_bbp_total_reply_count":0,"_bbp_voice_count":0,"_bbp_anonymous_reply_count":0,"_bbp_topic_count_hidden":0,"_bbp_reply_count_hidden":0,"_bbp_forum_subforum_count":0,"footnotes":""},"categories":[3],"tags":[],"class_list":["post-28400","post","type-post","status-publish","format-standard","has-post-thumbnail","hentry","category-ei3"],"post_mailing_queue_ids":[],"_links":{"self":[{"href":"https:\/\/agora.xtec.cat\/escolacollserolacerdanyola\/wp-json\/wp\/v2\/posts\/28400","targetHints":{"allow":["GET"]}}],"collection":[{"href":"https:\/\/agora.xtec.cat\/escolacollserolacerdanyola\/wp-json\/wp\/v2\/posts"}],"about":[{"href":"https:\/\/agora.xtec.cat\/escolacollserolacerdanyola\/wp-json\/wp\/v2\/types\/post"}],"author":[{"embeddable":true,"href":"https:\/\/agora.xtec.cat\/escolacollserolacerdanyola\/wp-json\/wp\/v2\/users\/6"}],"replies":[{"embeddable":true,"href":"https:\/\/agora.xtec.cat\/escolacollserolacerdanyola\/wp-json\/wp\/v2\/comments?post=28400"}],"version-history":[{"count":1,"href":"https:\/\/agora.xtec.cat\/escolacollserolacerdanyola\/wp-json\/wp\/v2\/posts\/28400\/revisions"}],"predecessor-version":[{"id":28403,"href":"https:\/\/agora.xtec.cat\/escolacollserolacerdanyola\/wp-json\/wp\/v2\/posts\/28400\/revisions\/28403"}],"wp:featuredmedia":[{"embeddable":true,"href":"https:\/\/agora.xtec.cat\/escolacollserolacerdanyola\/wp-json\/wp\/v2\/media\/28401"}],"wp:attachment":[{"href":"https:\/\/agora.xtec.cat\/escolacollserolacerdanyola\/wp-json\/wp\/v2\/media?parent=28400"}],"wp:term":[{"taxonomy":"category","embeddable":true,"href":"https:\/\/agora.xtec.cat\/escolacollserolacerdanyola\/wp-json\/wp\/v2\/categories?post=28400"},{"taxonomy":"post_tag","embeddable":true,"href":"https:\/\/agora.xtec.cat\/escolacollserolacerdanyola\/wp-json\/wp\/v2\/tags?post=28400"}],"curies":[{"name":"wp","href":"https:\/\/api.w.org\/{rel}","templated":true}]}}