{"id":28261,"date":"2023-12-21T17:27:31","date_gmt":"2023-12-21T16:27:31","guid":{"rendered":"https:\/\/agora.xtec.cat\/escolacollserolacerdanyola\/?p=28261"},"modified":"2024-01-22T10:31:48","modified_gmt":"2024-01-22T09:31:48","slug":"ultims-dies-de-trimestre","status":"publish","type":"post","link":"https:\/\/agora.xtec.cat\/escolacollserolacerdanyola\/ei3-ei4-ei5\/ei3\/ultims-dies-de-trimestre\/","title":{"rendered":"\u00daLTIMS DIES DE TRIMESTRE"},"content":{"rendered":"<p style=\"text-align: center;\">Benvolgudes fam\u00edlies,<\/p>\n<p style=\"text-align: center;\">Les \u00faltimes setmanes d&#8217;escola abans de les vacances d&#8217;hivern han estat molt emocionants!!<\/p>\n<p style=\"text-align: center;\">Hem viscut i compartits moments on grans i petits hem gaudit molt\u00edssim, com ara; la recerca del Ti\u00f3 al Jard\u00ed de les Papallones, el calendari d&#8217;hivern on compt\u00e0vem amb petites sorpreses quants dies faltaven per les vacances, el mat\u00ed sobre rodes i el gran concert d&#8217;hivern amb tota l&#8217;escola!!<\/p>\n<p style=\"text-align: center;\">Les mestres d&#8217;Educaci\u00f3 Infantil us volem desitjar molt bones festes i que gaudiu molt en companyia dels vostres fills i filles!<\/p>\n<p style=\"text-align: center;\">Una forta abra\u00e7ada!<\/p>\n<p style=\"text-align: center;\">Anna, Cristina, Susana, Olga, Lorena, Ana, Judit, Cl\u00e0udia.<\/p>\n<p><a href=\"https:\/\/agora.xtec.cat\/escolacollserolacerdanyola\/wp-content\/uploads\/usu1390\/2023\/12\/EQUIP-CICLE-PETITS-COLLSEROAL.jpg\"><img loading=\"lazy\" decoding=\"async\" class=\"size-thumbnail wp-image-28273 aligncenter\" src=\"https:\/\/agora.xtec.cat\/escolacollserolacerdanyola\/wp-content\/uploads\/usu1390\/2023\/12\/EQUIP-CICLE-PETITS-COLLSEROAL-150x150.jpg\" alt=\"\" width=\"150\" height=\"150\" \/><\/a><\/p>\n","protected":false},"excerpt":{"rendered":"<p>Benvolgudes fam\u00edlies,<br \/>\nLes \u00faltimes setmanes d&#8217;escola abans de les vacances d&#8217;hivern han estat molt emocionants!!<br \/>\nHem viscut i compartits moments on grans i petits hem gaudit molt\u00edssim, com ara; la recerca del Ti\u00f3 al Jard\u00ed de les Papallones, el calendari d&#8217;hivern on compt\u00e0vem amb petites sorpreses quants&hellip;  <a href=\"https:\/\/agora.xtec.cat\/escolacollserolacerdanyola\/ei3-ei4-ei5\/ei3\/ultims-dies-de-trimestre\/\" title=\"Read \u00daLTIMS DIES DE TRIMESTRE\">Llegeix m\u00e9s\u00bb<\/a><\/p>\n","protected":false},"author":6,"featured_media":28263,"comment_status":"open","ping_status":"closed","sticky":false,"template":"","format":"standard","meta":{"_bbp_topic_count":0,"_bbp_reply_count":0,"_bbp_total_topic_count":0,"_bbp_total_reply_count":0,"_bbp_voice_count":0,"_bbp_anonymous_reply_count":0,"_bbp_topic_count_hidden":0,"_bbp_reply_count_hidden":0,"_bbp_forum_subforum_count":0,"footnotes":""},"categories":[3,8,9,738],"tags":[],"class_list":["post-28261","post","type-post","status-publish","format-standard","has-post-thumbnail","hentry","category-ei3","category-ei4","category-ei5","category-ei3-a-ei5"],"post_mailing_queue_ids":[],"_links":{"self":[{"href":"https:\/\/agora.xtec.cat\/escolacollserolacerdanyola\/wp-json\/wp\/v2\/posts\/28261","targetHints":{"allow":["GET"]}}],"collection":[{"href":"https:\/\/agora.xtec.cat\/escolacollserolacerdanyola\/wp-json\/wp\/v2\/posts"}],"about":[{"href":"https:\/\/agora.xtec.cat\/escolacollserolacerdanyola\/wp-json\/wp\/v2\/types\/post"}],"author":[{"embeddable":true,"href":"https:\/\/agora.xtec.cat\/escolacollserolacerdanyola\/wp-json\/wp\/v2\/users\/6"}],"replies":[{"embeddable":true,"href":"https:\/\/agora.xtec.cat\/escolacollserolacerdanyola\/wp-json\/wp\/v2\/comments?post=28261"}],"version-history":[{"count":3,"href":"https:\/\/agora.xtec.cat\/escolacollserolacerdanyola\/wp-json\/wp\/v2\/posts\/28261\/revisions"}],"predecessor-version":[{"id":28340,"href":"https:\/\/agora.xtec.cat\/escolacollserolacerdanyola\/wp-json\/wp\/v2\/posts\/28261\/revisions\/28340"}],"wp:featuredmedia":[{"embeddable":true,"href":"https:\/\/agora.xtec.cat\/escolacollserolacerdanyola\/wp-json\/wp\/v2\/media\/28263"}],"wp:attachment":[{"href":"https:\/\/agora.xtec.cat\/escolacollserolacerdanyola\/wp-json\/wp\/v2\/media?parent=28261"}],"wp:term":[{"taxonomy":"category","embeddable":true,"href":"https:\/\/agora.xtec.cat\/escolacollserolacerdanyola\/wp-json\/wp\/v2\/categories?post=28261"},{"taxonomy":"post_tag","embeddable":true,"href":"https:\/\/agora.xtec.cat\/escolacollserolacerdanyola\/wp-json\/wp\/v2\/tags?post=28261"}],"curies":[{"name":"wp","href":"https:\/\/api.w.org\/{rel}","templated":true}]}}