{"id":28198,"date":"2023-11-23T10:39:14","date_gmt":"2023-11-23T09:39:14","guid":{"rendered":"https:\/\/agora.xtec.cat\/escolacollserolacerdanyola\/?p=28198"},"modified":"2023-11-23T10:39:14","modified_gmt":"2023-11-23T09:39:14","slug":"experimentem-amb-api","status":"publish","type":"post","link":"https:\/\/agora.xtec.cat\/escolacollserolacerdanyola\/1r-a\/experimentem-amb-api\/","title":{"rendered":"Experimentem amb api"},"content":{"rendered":"<p><span class=\"OYPEnA text-decoration-none text-strikethrough-none\">A primer estem investigant sobre les plantes, hem fet un experiment per demostrar com les plantes absorbeixen l\u2019aigua i com aquesta es distribueix per la tija a tota la planta. Tamb\u00e9 ens servir\u00e0 per fer un rep\u00e0s de les parts de la planta i de les que ens mengem.<a href=\"https:\/\/agora.xtec.cat\/escolacollserolacerdanyola\/wp-content\/uploads\/usu1390\/2023\/11\/experimentem-amb-lapi-1.jpg\">.<img loading=\"lazy\" decoding=\"async\" class=\"size-medium wp-image-28199 aligncenter\" src=\"https:\/\/agora.xtec.cat\/escolacollserolacerdanyola\/wp-content\/uploads\/usu1390\/2023\/11\/experimentem-amb-lapi-1-212x300.jpg\" alt=\"\" width=\"212\" height=\"300\" srcset=\"https:\/\/agora.xtec.cat\/escolacollserolacerdanyola\/wp-content\/uploads\/usu1390\/2023\/11\/experimentem-amb-lapi-1-212x300.jpg 212w, https:\/\/agora.xtec.cat\/escolacollserolacerdanyola\/wp-content\/uploads\/usu1390\/2023\/11\/experimentem-amb-lapi-1-724x1024.jpg 724w, https:\/\/agora.xtec.cat\/escolacollserolacerdanyola\/wp-content\/uploads\/usu1390\/2023\/11\/experimentem-amb-lapi-1-768x1086.jpg 768w, https:\/\/agora.xtec.cat\/escolacollserolacerdanyola\/wp-content\/uploads\/usu1390\/2023\/11\/experimentem-amb-lapi-1-1086x1536.jpg 1086w, https:\/\/agora.xtec.cat\/escolacollserolacerdanyola\/wp-content\/uploads\/usu1390\/2023\/11\/experimentem-amb-lapi-1.jpg 1414w\" sizes=\"auto, (max-width: 212px) 100vw, 212px\" \/><\/a><\/span><\/p>\n","protected":false},"excerpt":{"rendered":"<p>Experimentem amb api&hellip;  <a href=\"https:\/\/agora.xtec.cat\/escolacollserolacerdanyola\/1r-a\/experimentem-amb-api\/\" title=\"Read Experimentem amb api\">Llegeix m\u00e9s\u00bb<\/a><\/p>\n","protected":false},"author":7,"featured_media":0,"comment_status":"open","ping_status":"closed","sticky":false,"template":"","format":"standard","meta":{"_bbp_topic_count":0,"_bbp_reply_count":0,"_bbp_total_topic_count":0,"_bbp_total_reply_count":0,"_bbp_voice_count":0,"_bbp_anonymous_reply_count":0,"_bbp_topic_count_hidden":0,"_bbp_reply_count_hidden":0,"_bbp_forum_subforum_count":0,"footnotes":""},"categories":[82,308],"tags":[735,736],"class_list":["post-28198","post","type-post","status-publish","format-standard","hentry","category-1r-a","category-espai-cientific-nivell-1","tag-primer","tag-projecte-les-plantes"],"post_mailing_queue_ids":[],"_links":{"self":[{"href":"https:\/\/agora.xtec.cat\/escolacollserolacerdanyola\/wp-json\/wp\/v2\/posts\/28198","targetHints":{"allow":["GET"]}}],"collection":[{"href":"https:\/\/agora.xtec.cat\/escolacollserolacerdanyola\/wp-json\/wp\/v2\/posts"}],"about":[{"href":"https:\/\/agora.xtec.cat\/escolacollserolacerdanyola\/wp-json\/wp\/v2\/types\/post"}],"author":[{"embeddable":true,"href":"https:\/\/agora.xtec.cat\/escolacollserolacerdanyola\/wp-json\/wp\/v2\/users\/7"}],"replies":[{"embeddable":true,"href":"https:\/\/agora.xtec.cat\/escolacollserolacerdanyola\/wp-json\/wp\/v2\/comments?post=28198"}],"version-history":[{"count":1,"href":"https:\/\/agora.xtec.cat\/escolacollserolacerdanyola\/wp-json\/wp\/v2\/posts\/28198\/revisions"}],"predecessor-version":[{"id":28201,"href":"https:\/\/agora.xtec.cat\/escolacollserolacerdanyola\/wp-json\/wp\/v2\/posts\/28198\/revisions\/28201"}],"wp:attachment":[{"href":"https:\/\/agora.xtec.cat\/escolacollserolacerdanyola\/wp-json\/wp\/v2\/media?parent=28198"}],"wp:term":[{"taxonomy":"category","embeddable":true,"href":"https:\/\/agora.xtec.cat\/escolacollserolacerdanyola\/wp-json\/wp\/v2\/categories?post=28198"},{"taxonomy":"post_tag","embeddable":true,"href":"https:\/\/agora.xtec.cat\/escolacollserolacerdanyola\/wp-json\/wp\/v2\/tags?post=28198"}],"curies":[{"name":"wp","href":"https:\/\/api.w.org\/{rel}","templated":true}]}}