{"id":27697,"date":"2023-06-29T09:41:01","date_gmt":"2023-06-29T07:41:01","guid":{"rendered":"https:\/\/agora.xtec.cat\/escolacollserolacerdanyola\/?p=27697"},"modified":"2023-06-29T09:41:01","modified_gmt":"2023-06-29T07:41:01","slug":"dia-sobre-rodes","status":"publish","type":"post","link":"https:\/\/agora.xtec.cat\/escolacollserolacerdanyola\/de-1r-a-6e\/dia-sobre-rodes\/","title":{"rendered":"Dia sobre rodes!"},"content":{"rendered":"<p><span style=\"font-weight: 400\">L\u2019\u00faltima setmana de curs vam gaudir d\u2019un dia sobre rodes! Es va animar a tot l\u2019alumnat a venir en bicicleta o patinet a l\u2019escola! \u00c9s una activitat amb diversos avantatges, com<strong><span style=\"background-color: #00ff00\"> fomentar l\u2019exercici f\u00edsic, reduir l\u2019\u00fas de vehicles contaminants pel medi ambient i promoure h\u00e0bits saludables!<\/span> <\/strong>A m\u00e9s, vam poder gaudir d\u2019un circuit al pati i d&#8217;aquesta manera tamb\u00e9 promoure la seguretat en el tr\u00e0nsit mitjan\u00e7ant l\u2019ensenyament de normes de circulaci\u00f3. Ens ho vam passar molt b\u00e9!!!!<\/span><\/p>\n<p><a href=\"https:\/\/photos.app.goo.gl\/wB8VySJH3sNAHLCg7\">Dia sobre rodes!<\/a><\/p>\n","protected":false},"excerpt":{"rendered":"<p>L\u2019\u00faltima setmana de curs vam gaudir d\u2019un dia sobre rodes! Es va animar a tot l\u2019alumnat a venir en bicicleta o patinet a l\u2019escola! \u00c9s una activitat amb diversos avantatges, com fomentar l\u2019exercici f\u00edsic, reduir l\u2019\u00fas de vehicles contaminants pel medi ambient i promoure h\u00e0bits&hellip;  <a href=\"https:\/\/agora.xtec.cat\/escolacollserolacerdanyola\/de-1r-a-6e\/dia-sobre-rodes\/\" title=\"Read Dia sobre rodes!\">Llegeix m\u00e9s\u00bb<\/a><\/p>\n","protected":false},"author":9,"featured_media":27698,"comment_status":"open","ping_status":"closed","sticky":false,"template":"","format":"standard","meta":{"_bbp_topic_count":0,"_bbp_reply_count":0,"_bbp_total_topic_count":0,"_bbp_total_reply_count":0,"_bbp_voice_count":0,"_bbp_anonymous_reply_count":0,"_bbp_topic_count_hidden":0,"_bbp_reply_count_hidden":0,"_bbp_forum_subforum_count":0,"footnotes":""},"categories":[10,11,12,13,14,15,5],"tags":[],"class_list":["post-27697","post","type-post","status-publish","format-standard","has-post-thumbnail","hentry","category-1r","category-2n","category-3r","category-4t","category-5e","category-6e","category-de-1r-a-6e"],"post_mailing_queue_ids":[],"_links":{"self":[{"href":"https:\/\/agora.xtec.cat\/escolacollserolacerdanyola\/wp-json\/wp\/v2\/posts\/27697","targetHints":{"allow":["GET"]}}],"collection":[{"href":"https:\/\/agora.xtec.cat\/escolacollserolacerdanyola\/wp-json\/wp\/v2\/posts"}],"about":[{"href":"https:\/\/agora.xtec.cat\/escolacollserolacerdanyola\/wp-json\/wp\/v2\/types\/post"}],"author":[{"embeddable":true,"href":"https:\/\/agora.xtec.cat\/escolacollserolacerdanyola\/wp-json\/wp\/v2\/users\/9"}],"replies":[{"embeddable":true,"href":"https:\/\/agora.xtec.cat\/escolacollserolacerdanyola\/wp-json\/wp\/v2\/comments?post=27697"}],"version-history":[{"count":1,"href":"https:\/\/agora.xtec.cat\/escolacollserolacerdanyola\/wp-json\/wp\/v2\/posts\/27697\/revisions"}],"predecessor-version":[{"id":27699,"href":"https:\/\/agora.xtec.cat\/escolacollserolacerdanyola\/wp-json\/wp\/v2\/posts\/27697\/revisions\/27699"}],"wp:featuredmedia":[{"embeddable":true,"href":"https:\/\/agora.xtec.cat\/escolacollserolacerdanyola\/wp-json\/wp\/v2\/media\/27698"}],"wp:attachment":[{"href":"https:\/\/agora.xtec.cat\/escolacollserolacerdanyola\/wp-json\/wp\/v2\/media?parent=27697"}],"wp:term":[{"taxonomy":"category","embeddable":true,"href":"https:\/\/agora.xtec.cat\/escolacollserolacerdanyola\/wp-json\/wp\/v2\/categories?post=27697"},{"taxonomy":"post_tag","embeddable":true,"href":"https:\/\/agora.xtec.cat\/escolacollserolacerdanyola\/wp-json\/wp\/v2\/tags?post=27697"}],"curies":[{"name":"wp","href":"https:\/\/api.w.org\/{rel}","templated":true}]}}