{"id":27689,"date":"2023-06-22T13:15:59","date_gmt":"2023-06-22T11:15:59","guid":{"rendered":"https:\/\/agora.xtec.cat\/escolacollserolacerdanyola\/?p=27689"},"modified":"2023-06-21T13:55:47","modified_gmt":"2023-06-21T11:55:47","slug":"final-de-curs-5e","status":"publish","type":"post","link":"https:\/\/agora.xtec.cat\/escolacollserolacerdanyola\/de-1r-a-6e\/5e\/final-de-curs-5e\/","title":{"rendered":"Final de curs 5\u00e8"},"content":{"rendered":"<p><img loading=\"lazy\" decoding=\"async\" class=\"alignnone size-large wp-image-27691\" src=\"https:\/\/agora.xtec.cat\/escolacollserolacerdanyola\/wp-content\/uploads\/usu1390\/2023\/06\/IMG20230621110133-1024x586.jpg\" alt=\"\" width=\"1024\" height=\"586\" srcset=\"https:\/\/agora.xtec.cat\/escolacollserolacerdanyola\/wp-content\/uploads\/usu1390\/2023\/06\/IMG20230621110133-1024x586.jpg 1024w, https:\/\/agora.xtec.cat\/escolacollserolacerdanyola\/wp-content\/uploads\/usu1390\/2023\/06\/IMG20230621110133-300x172.jpg 300w, https:\/\/agora.xtec.cat\/escolacollserolacerdanyola\/wp-content\/uploads\/usu1390\/2023\/06\/IMG20230621110133-768x440.jpg 768w, https:\/\/agora.xtec.cat\/escolacollserolacerdanyola\/wp-content\/uploads\/usu1390\/2023\/06\/IMG20230621110133-1536x879.jpg 1536w, https:\/\/agora.xtec.cat\/escolacollserolacerdanyola\/wp-content\/uploads\/usu1390\/2023\/06\/IMG20230621110133-2048x1172.jpg 2048w\" sizes=\"auto, (max-width: 1024px) 100vw, 1024px\" \/><\/p>\n<p>El curs s&#8217;ha acabat i com sempre ens acomiadem amb una mescla de sensacions: alegria per tenir molt de temps lliure i una mica de tristesa per no veure a la resta de companys i companyes durant el temps d&#8217;estiu. Al llarg d&#8217;aquests \u00faltims dies d&#8217;escola hem fet activitats molt variades per preparar el final de curs: hem creat les tapes de l&#8217;\u00e0lbum seguint la tem\u00e0tica de la decoraci\u00f3 de la cooperativa i del nom de la nostra classe, hem pintat de blanc el tros de mur on els companys i companyes de 6\u00e8 deixaran la seva empremta, ens hem fet fotos de grup divertides, hem anat al s\u00faper tota la classe per fer una festeta amb part dels diners guanyats de la cooperativa, hem guaudit de les activitats de cloenda del curs celebrades a l&#8217;escola&#8230;&#8230;i a banda hem continuat fent classe&#8230;<\/p>\n<p>Aqu\u00ed teniu un petit recull de les activitats realitzades.<\/p>\n<p><a href=\"https:\/\/photos.app.goo.gl\/dfi1b2MviFy6TBMN8\">FINAL DE CURS 5\u00e8<\/a><\/p>\n<p>&nbsp;<\/p>\n","protected":false},"excerpt":{"rendered":"<p>El curs s&#8217;ha acabat i com sempre ens acomiadem amb una mescla de sensacions: alegria per tenir molt de temps lliure i una mica de tristesa per no veure a la resta de companys i companyes durant el temps d&#8217;estiu. Al llarg d&#8217;aquests \u00faltims dies&hellip;  <a href=\"https:\/\/agora.xtec.cat\/escolacollserolacerdanyola\/de-1r-a-6e\/5e\/final-de-curs-5e\/\" title=\"Read Final de curs 5\u00e8\">Llegeix m\u00e9s\u00bb<\/a><\/p>\n","protected":false},"author":9,"featured_media":27690,"comment_status":"open","ping_status":"closed","sticky":false,"template":"","format":"standard","meta":{"_bbp_topic_count":0,"_bbp_reply_count":0,"_bbp_total_topic_count":0,"_bbp_total_reply_count":0,"_bbp_voice_count":0,"_bbp_anonymous_reply_count":0,"_bbp_topic_count_hidden":0,"_bbp_reply_count_hidden":0,"_bbp_forum_subforum_count":0,"footnotes":""},"categories":[14,86],"tags":[],"class_list":["post-27689","post","type-post","status-publish","format-standard","has-post-thumbnail","hentry","category-5e","category-grans"],"post_mailing_queue_ids":[],"_links":{"self":[{"href":"https:\/\/agora.xtec.cat\/escolacollserolacerdanyola\/wp-json\/wp\/v2\/posts\/27689","targetHints":{"allow":["GET"]}}],"collection":[{"href":"https:\/\/agora.xtec.cat\/escolacollserolacerdanyola\/wp-json\/wp\/v2\/posts"}],"about":[{"href":"https:\/\/agora.xtec.cat\/escolacollserolacerdanyola\/wp-json\/wp\/v2\/types\/post"}],"author":[{"embeddable":true,"href":"https:\/\/agora.xtec.cat\/escolacollserolacerdanyola\/wp-json\/wp\/v2\/users\/9"}],"replies":[{"embeddable":true,"href":"https:\/\/agora.xtec.cat\/escolacollserolacerdanyola\/wp-json\/wp\/v2\/comments?post=27689"}],"version-history":[{"count":2,"href":"https:\/\/agora.xtec.cat\/escolacollserolacerdanyola\/wp-json\/wp\/v2\/posts\/27689\/revisions"}],"predecessor-version":[{"id":27693,"href":"https:\/\/agora.xtec.cat\/escolacollserolacerdanyola\/wp-json\/wp\/v2\/posts\/27689\/revisions\/27693"}],"wp:featuredmedia":[{"embeddable":true,"href":"https:\/\/agora.xtec.cat\/escolacollserolacerdanyola\/wp-json\/wp\/v2\/media\/27690"}],"wp:attachment":[{"href":"https:\/\/agora.xtec.cat\/escolacollserolacerdanyola\/wp-json\/wp\/v2\/media?parent=27689"}],"wp:term":[{"taxonomy":"category","embeddable":true,"href":"https:\/\/agora.xtec.cat\/escolacollserolacerdanyola\/wp-json\/wp\/v2\/categories?post=27689"},{"taxonomy":"post_tag","embeddable":true,"href":"https:\/\/agora.xtec.cat\/escolacollserolacerdanyola\/wp-json\/wp\/v2\/tags?post=27689"}],"curies":[{"name":"wp","href":"https:\/\/api.w.org\/{rel}","templated":true}]}}