{"id":27578,"date":"2023-06-12T16:09:50","date_gmt":"2023-06-12T14:09:50","guid":{"rendered":"https:\/\/agora.xtec.cat\/escolacollserolacerdanyola\/?p=27578"},"modified":"2023-06-12T16:12:57","modified_gmt":"2023-06-12T14:12:57","slug":"cooperativa-collaborem-amb-fadam","status":"publish","type":"post","link":"https:\/\/agora.xtec.cat\/escolacollserolacerdanyola\/portadageneral\/cooperativa-collaborem-amb-fadam\/","title":{"rendered":"Cooperativa &#8220;Sota el mar&#8221;: Col\u00b7laborem amb FADAM"},"content":{"rendered":"<p>L&#8217;alumnat de la classe de 5\u00e8, fons mar\u00ed, vam decidir donar el total dels diners guanyats amb l&#8217;activitat de la cooperatvia &#8220;Sota el mar&#8221; a la fundaci\u00f3 FADAM.<\/p>\n<p>Aquesta fundaci\u00f3 destina \u00edntegrament els beneficis que obt\u00e9 a la investigaci\u00f3 i lluita contra el c\u00e0ncer infantil.\u00a0 Bona part dels diners van directes a l&#8217;Hospital de la Vall d&#8217;Hebron on s&#8217;utilitzen per a la compra de materials i utensilis varis per a poder continuar treballant i investigant.<\/p>\n<p>El passat divendres 9 de juny, l&#8217;Antonio, president de la fundaci\u00f3, ens va venir a visitar per recollir els diners obtinguts. Molt agra\u00eft i emocionat ens va explicar on anirien destinats.<\/p>\n<p><a href=\"https:\/\/asociacionfadam.com\/\">https:\/\/asociacionfadam.com\/<\/a><\/p>\n<p><img loading=\"lazy\" decoding=\"async\" class=\"alignnone size-large wp-image-27579\" src=\"https:\/\/agora.xtec.cat\/escolacollserolacerdanyola\/wp-content\/uploads\/usu1390\/2023\/06\/IMG20230609103022-1024x485.jpg\" alt=\"\" width=\"1024\" height=\"485\" srcset=\"https:\/\/agora.xtec.cat\/escolacollserolacerdanyola\/wp-content\/uploads\/usu1390\/2023\/06\/IMG20230609103022-1024x485.jpg 1024w, https:\/\/agora.xtec.cat\/escolacollserolacerdanyola\/wp-content\/uploads\/usu1390\/2023\/06\/IMG20230609103022-300x142.jpg 300w, https:\/\/agora.xtec.cat\/escolacollserolacerdanyola\/wp-content\/uploads\/usu1390\/2023\/06\/IMG20230609103022-768x364.jpg 768w, https:\/\/agora.xtec.cat\/escolacollserolacerdanyola\/wp-content\/uploads\/usu1390\/2023\/06\/IMG20230609103022-1536x727.jpg 1536w, https:\/\/agora.xtec.cat\/escolacollserolacerdanyola\/wp-content\/uploads\/usu1390\/2023\/06\/IMG20230609103022-2048x970.jpg 2048w\" sizes=\"auto, (max-width: 1024px) 100vw, 1024px\" \/><\/p>\n<p><img loading=\"lazy\" decoding=\"async\" class=\"alignnone size-large wp-image-27580\" src=\"https:\/\/agora.xtec.cat\/escolacollserolacerdanyola\/wp-content\/uploads\/usu1390\/2023\/06\/IMG20230609103444-1024x712.jpg\" alt=\"\" width=\"1024\" height=\"712\" srcset=\"https:\/\/agora.xtec.cat\/escolacollserolacerdanyola\/wp-content\/uploads\/usu1390\/2023\/06\/IMG20230609103444-1024x712.jpg 1024w, https:\/\/agora.xtec.cat\/escolacollserolacerdanyola\/wp-content\/uploads\/usu1390\/2023\/06\/IMG20230609103444-300x209.jpg 300w, https:\/\/agora.xtec.cat\/escolacollserolacerdanyola\/wp-content\/uploads\/usu1390\/2023\/06\/IMG20230609103444-768x534.jpg 768w, https:\/\/agora.xtec.cat\/escolacollserolacerdanyola\/wp-content\/uploads\/usu1390\/2023\/06\/IMG20230609103444-1536x1068.jpg 1536w, https:\/\/agora.xtec.cat\/escolacollserolacerdanyola\/wp-content\/uploads\/usu1390\/2023\/06\/IMG20230609103444-2048x1425.jpg 2048w\" sizes=\"auto, (max-width: 1024px) 100vw, 1024px\" \/><\/p>\n","protected":false},"excerpt":{"rendered":"<p>L&#8217;alumnat de la classe de 5\u00e8, fons mar\u00ed, vam decidir donar el total dels diners guanyats amb l&#8217;activitat de la cooperatvia &#8220;Sota el mar&#8221; a la fundaci\u00f3 FADAM.<br \/>\nAquesta fundaci\u00f3 destina \u00edntegrament els beneficis que obt\u00e9 a la investigaci\u00f3 i lluita contra el c\u00e0ncer infantil.\u00a0 Bona&hellip;  <a href=\"https:\/\/agora.xtec.cat\/escolacollserolacerdanyola\/portadageneral\/cooperativa-collaborem-amb-fadam\/\" title=\"Read Cooperativa &#8220;Sota el mar&#8221;: Col\u00b7laborem amb FADAM\">Llegeix m\u00e9s\u00bb<\/a><\/p>\n","protected":false},"author":9,"featured_media":27580,"comment_status":"open","ping_status":"closed","sticky":false,"template":"","format":"standard","meta":{"_bbp_topic_count":0,"_bbp_reply_count":0,"_bbp_total_topic_count":0,"_bbp_total_reply_count":0,"_bbp_voice_count":0,"_bbp_anonymous_reply_count":0,"_bbp_topic_count_hidden":0,"_bbp_reply_count_hidden":0,"_bbp_forum_subforum_count":0,"footnotes":""},"categories":[14,498,86,1],"tags":[],"class_list":["post-27578","post","type-post","status-publish","format-standard","has-post-thumbnail","hentry","category-5e","category-cooperatives-escolars","category-grans","category-portadageneral"],"post_mailing_queue_ids":[],"_links":{"self":[{"href":"https:\/\/agora.xtec.cat\/escolacollserolacerdanyola\/wp-json\/wp\/v2\/posts\/27578","targetHints":{"allow":["GET"]}}],"collection":[{"href":"https:\/\/agora.xtec.cat\/escolacollserolacerdanyola\/wp-json\/wp\/v2\/posts"}],"about":[{"href":"https:\/\/agora.xtec.cat\/escolacollserolacerdanyola\/wp-json\/wp\/v2\/types\/post"}],"author":[{"embeddable":true,"href":"https:\/\/agora.xtec.cat\/escolacollserolacerdanyola\/wp-json\/wp\/v2\/users\/9"}],"replies":[{"embeddable":true,"href":"https:\/\/agora.xtec.cat\/escolacollserolacerdanyola\/wp-json\/wp\/v2\/comments?post=27578"}],"version-history":[{"count":2,"href":"https:\/\/agora.xtec.cat\/escolacollserolacerdanyola\/wp-json\/wp\/v2\/posts\/27578\/revisions"}],"predecessor-version":[{"id":27582,"href":"https:\/\/agora.xtec.cat\/escolacollserolacerdanyola\/wp-json\/wp\/v2\/posts\/27578\/revisions\/27582"}],"wp:featuredmedia":[{"embeddable":true,"href":"https:\/\/agora.xtec.cat\/escolacollserolacerdanyola\/wp-json\/wp\/v2\/media\/27580"}],"wp:attachment":[{"href":"https:\/\/agora.xtec.cat\/escolacollserolacerdanyola\/wp-json\/wp\/v2\/media?parent=27578"}],"wp:term":[{"taxonomy":"category","embeddable":true,"href":"https:\/\/agora.xtec.cat\/escolacollserolacerdanyola\/wp-json\/wp\/v2\/categories?post=27578"},{"taxonomy":"post_tag","embeddable":true,"href":"https:\/\/agora.xtec.cat\/escolacollserolacerdanyola\/wp-json\/wp\/v2\/tags?post=27578"}],"curies":[{"name":"wp","href":"https:\/\/api.w.org\/{rel}","templated":true}]}}