{"id":27537,"date":"2023-05-01T14:02:04","date_gmt":"2023-05-01T12:02:04","guid":{"rendered":"https:\/\/agora.xtec.cat\/escolacollserolacerdanyola\/?p=27537"},"modified":"2023-06-01T14:04:18","modified_gmt":"2023-06-01T12:04:18","slug":"circulem-en-bicicleta","status":"publish","type":"post","link":"https:\/\/agora.xtec.cat\/escolacollserolacerdanyola\/de-1r-a-6e\/5e\/circulem-en-bicicleta\/","title":{"rendered":"Circulem en bicicleta"},"content":{"rendered":"<p>Al mes d&#8217;abril, l&#8217;alumnat de 5\u00e8 ha participat de l&#8217;activitat organitzada des de l&#8217;ajuntament, &#8220;Circulem en bicicleta&#8221;. Al llarg de dues sessions, una m\u00e9s te\u00f2rica a l&#8217;aula i una de pr\u00e0ctica en un circuit tancat, hem apr\u00e8s aspecte b\u00e0sics per a la circulaci\u00f3 en bicicleta i patinet pels carrers de la ciutat aix\u00ed com quines mesures de seguretat s\u00f3n necess\u00e0ries i obligat\u00f2ries.<\/p>\n<p>Alguns i algunes de nosaltres ens vam mostrat molt contents i emocionades en acabar l&#8217;activitat perqu\u00e8 vam poder aprendre a muntar en bicicleta. Va ser un mat\u00ed molt divertit i entretingut.<\/p>\n<p><a href=\"https:\/\/photos.app.goo.gl\/qzxsa4LoLm5e6dRc6\">Circulem en bicicleta<\/a><\/p>\n","protected":false},"excerpt":{"rendered":"<p>Al mes d&#8217;abril, l&#8217;alumnat de 5\u00e8 ha participat de l&#8217;activitat organitzada des de l&#8217;ajuntament, &#8220;Circulem en bicicleta&#8221;. Al llarg de dues sessions, una m\u00e9s te\u00f2rica a l&#8217;aula i una de pr\u00e0ctica en un circuit tancat, hem apr\u00e8s aspecte b\u00e0sics per a la circulaci\u00f3 en bicicleta&hellip;  <a href=\"https:\/\/agora.xtec.cat\/escolacollserolacerdanyola\/de-1r-a-6e\/5e\/circulem-en-bicicleta\/\" title=\"Read Circulem en bicicleta\">Llegeix m\u00e9s\u00bb<\/a><\/p>\n","protected":false},"author":9,"featured_media":27539,"comment_status":"open","ping_status":"closed","sticky":false,"template":"","format":"standard","meta":{"_bbp_topic_count":0,"_bbp_reply_count":0,"_bbp_total_topic_count":0,"_bbp_total_reply_count":0,"_bbp_voice_count":0,"_bbp_anonymous_reply_count":0,"_bbp_topic_count_hidden":0,"_bbp_reply_count_hidden":0,"_bbp_forum_subforum_count":0,"footnotes":""},"categories":[14,86,93],"tags":[],"class_list":["post-27537","post","type-post","status-publish","format-standard","has-post-thumbnail","hentry","category-5e","category-grans","category-sortides"],"post_mailing_queue_ids":[],"_links":{"self":[{"href":"https:\/\/agora.xtec.cat\/escolacollserolacerdanyola\/wp-json\/wp\/v2\/posts\/27537","targetHints":{"allow":["GET"]}}],"collection":[{"href":"https:\/\/agora.xtec.cat\/escolacollserolacerdanyola\/wp-json\/wp\/v2\/posts"}],"about":[{"href":"https:\/\/agora.xtec.cat\/escolacollserolacerdanyola\/wp-json\/wp\/v2\/types\/post"}],"author":[{"embeddable":true,"href":"https:\/\/agora.xtec.cat\/escolacollserolacerdanyola\/wp-json\/wp\/v2\/users\/9"}],"replies":[{"embeddable":true,"href":"https:\/\/agora.xtec.cat\/escolacollserolacerdanyola\/wp-json\/wp\/v2\/comments?post=27537"}],"version-history":[{"count":1,"href":"https:\/\/agora.xtec.cat\/escolacollserolacerdanyola\/wp-json\/wp\/v2\/posts\/27537\/revisions"}],"predecessor-version":[{"id":27538,"href":"https:\/\/agora.xtec.cat\/escolacollserolacerdanyola\/wp-json\/wp\/v2\/posts\/27537\/revisions\/27538"}],"wp:featuredmedia":[{"embeddable":true,"href":"https:\/\/agora.xtec.cat\/escolacollserolacerdanyola\/wp-json\/wp\/v2\/media\/27539"}],"wp:attachment":[{"href":"https:\/\/agora.xtec.cat\/escolacollserolacerdanyola\/wp-json\/wp\/v2\/media?parent=27537"}],"wp:term":[{"taxonomy":"category","embeddable":true,"href":"https:\/\/agora.xtec.cat\/escolacollserolacerdanyola\/wp-json\/wp\/v2\/categories?post=27537"},{"taxonomy":"post_tag","embeddable":true,"href":"https:\/\/agora.xtec.cat\/escolacollserolacerdanyola\/wp-json\/wp\/v2\/tags?post=27537"}],"curies":[{"name":"wp","href":"https:\/\/api.w.org\/{rel}","templated":true}]}}