{"id":27534,"date":"2023-06-01T13:56:47","date_gmt":"2023-06-01T11:56:47","guid":{"rendered":"https:\/\/agora.xtec.cat\/escolacollserolacerdanyola\/?p=27534"},"modified":"2023-06-01T13:56:47","modified_gmt":"2023-06-01T11:56:47","slug":"cantania-i-concert-de-primavera-5e","status":"publish","type":"post","link":"https:\/\/agora.xtec.cat\/escolacollserolacerdanyola\/de-1r-a-6e\/5e\/cantania-i-concert-de-primavera-5e\/","title":{"rendered":"Cant\u00e0nia i concert de primavera 5\u00e8"},"content":{"rendered":"<p>El mes de maig ha estat un mes musical per a l&#8217;alumnat de 5\u00e8.<\/p>\n<p>Aqu\u00ed teniu un\u00a0 recull de fotos i algun video dels assajos, les actuacions i el &#8220;backstage&#8221; de la cant\u00e0nia &#8220;Les portes del m\u00f3n&#8221; i de l&#8217;actuaci\u00f3 al concert de primavera de tota l&#8217;escola.<\/p>\n<p><a href=\"https:\/\/photos.app.goo.gl\/T7gYsiLfq41HfFfr9\">Cant\u00e0nia i concert de primavera<\/a><\/p>\n","protected":false},"excerpt":{"rendered":"<p>El mes de maig ha estat un mes musical per a l&#8217;alumnat de 5\u00e8.<br \/>\nAqu\u00ed teniu un\u00a0 recull de fotos i algun video dels assajos, les actuacions i el &#8220;backstage&#8221; de la cant\u00e0nia &#8220;Les portes del m\u00f3n&#8221; i de l&#8217;actuaci\u00f3 al concert de primavera de tota&hellip;  <a href=\"https:\/\/agora.xtec.cat\/escolacollserolacerdanyola\/de-1r-a-6e\/5e\/cantania-i-concert-de-primavera-5e\/\" title=\"Read Cant\u00e0nia i concert de primavera 5\u00e8\">Llegeix m\u00e9s\u00bb<\/a><\/p>\n","protected":false},"author":9,"featured_media":27536,"comment_status":"open","ping_status":"closed","sticky":false,"template":"","format":"standard","meta":{"_bbp_topic_count":0,"_bbp_reply_count":0,"_bbp_total_topic_count":0,"_bbp_total_reply_count":0,"_bbp_voice_count":0,"_bbp_anonymous_reply_count":0,"_bbp_topic_count_hidden":0,"_bbp_reply_count_hidden":0,"_bbp_forum_subforum_count":0,"footnotes":""},"categories":[14,88,91,86,267],"tags":[],"class_list":["post-27534","post","type-post","status-publish","format-standard","has-post-thumbnail","hentry","category-5e","category-concert","category-concerts","category-grans","category-musica"],"post_mailing_queue_ids":[],"_links":{"self":[{"href":"https:\/\/agora.xtec.cat\/escolacollserolacerdanyola\/wp-json\/wp\/v2\/posts\/27534","targetHints":{"allow":["GET"]}}],"collection":[{"href":"https:\/\/agora.xtec.cat\/escolacollserolacerdanyola\/wp-json\/wp\/v2\/posts"}],"about":[{"href":"https:\/\/agora.xtec.cat\/escolacollserolacerdanyola\/wp-json\/wp\/v2\/types\/post"}],"author":[{"embeddable":true,"href":"https:\/\/agora.xtec.cat\/escolacollserolacerdanyola\/wp-json\/wp\/v2\/users\/9"}],"replies":[{"embeddable":true,"href":"https:\/\/agora.xtec.cat\/escolacollserolacerdanyola\/wp-json\/wp\/v2\/comments?post=27534"}],"version-history":[{"count":1,"href":"https:\/\/agora.xtec.cat\/escolacollserolacerdanyola\/wp-json\/wp\/v2\/posts\/27534\/revisions"}],"predecessor-version":[{"id":27535,"href":"https:\/\/agora.xtec.cat\/escolacollserolacerdanyola\/wp-json\/wp\/v2\/posts\/27534\/revisions\/27535"}],"wp:featuredmedia":[{"embeddable":true,"href":"https:\/\/agora.xtec.cat\/escolacollserolacerdanyola\/wp-json\/wp\/v2\/media\/27536"}],"wp:attachment":[{"href":"https:\/\/agora.xtec.cat\/escolacollserolacerdanyola\/wp-json\/wp\/v2\/media?parent=27534"}],"wp:term":[{"taxonomy":"category","embeddable":true,"href":"https:\/\/agora.xtec.cat\/escolacollserolacerdanyola\/wp-json\/wp\/v2\/categories?post=27534"},{"taxonomy":"post_tag","embeddable":true,"href":"https:\/\/agora.xtec.cat\/escolacollserolacerdanyola\/wp-json\/wp\/v2\/tags?post=27534"}],"curies":[{"name":"wp","href":"https:\/\/api.w.org\/{rel}","templated":true}]}}