{"id":27530,"date":"2023-06-01T13:49:07","date_gmt":"2023-06-01T11:49:07","guid":{"rendered":"https:\/\/agora.xtec.cat\/escolacollserolacerdanyola\/?p=27530"},"modified":"2023-06-01T13:50:23","modified_gmt":"2023-06-01T11:50:23","slug":"acte-de-tancament-cooperatives","status":"publish","type":"post","link":"https:\/\/agora.xtec.cat\/escolacollserolacerdanyola\/de-1r-a-6e\/5e\/acte-de-tancament-cooperatives\/","title":{"rendered":"Acte de tancament Cooperatives"},"content":{"rendered":"<p>L&#8217;alumnat de 5\u00e8 de totes les escoles de Cerdanyola que han participat al projecte CUEME, hem assistit a l&#8217;acte de tancament a l&#8217;Ateneu.<\/p>\n<p>All\u00e0 les representants de la nostra cooperativa &#8220;Sota el mar&#8221; han entregat el xec amb la nostra aportaci\u00f3 l&#8217;entitat ben\u00e8fica FADAM i hem rebut un diploma de participaci\u00f3.<\/p>\n<p><a href=\"https:\/\/photos.app.goo.gl\/o1wWnJu5UJxdCJiD9\">Acte de cloenda cooperatives<\/a><\/p>\n<p>&nbsp;<\/p>\n<p>&nbsp;<\/p>\n","protected":false},"excerpt":{"rendered":"<p>L&#8217;alumnat de 5\u00e8 de totes les escoles de Cerdanyola que han participat al projecte CUEME, hem assistit a l&#8217;acte de tancament a l&#8217;Ateneu.<br \/>\nAll\u00e0 les representants de la nostra cooperativa &#8220;Sota el mar&#8221; han entregat el xec amb la nostra aportaci\u00f3 l&#8217;entitat ben\u00e8fica FADAM i hem&hellip;  <a href=\"https:\/\/agora.xtec.cat\/escolacollserolacerdanyola\/de-1r-a-6e\/5e\/acte-de-tancament-cooperatives\/\" title=\"Read Acte de tancament Cooperatives\">Llegeix m\u00e9s\u00bb<\/a><\/p>\n","protected":false},"author":9,"featured_media":27532,"comment_status":"open","ping_status":"closed","sticky":false,"template":"","format":"standard","meta":{"_bbp_topic_count":0,"_bbp_reply_count":0,"_bbp_total_topic_count":0,"_bbp_total_reply_count":0,"_bbp_voice_count":0,"_bbp_anonymous_reply_count":0,"_bbp_topic_count_hidden":0,"_bbp_reply_count_hidden":0,"_bbp_forum_subforum_count":0,"footnotes":""},"categories":[14,498,86],"tags":[],"class_list":["post-27530","post","type-post","status-publish","format-standard","has-post-thumbnail","hentry","category-5e","category-cooperatives-escolars","category-grans"],"post_mailing_queue_ids":[],"_links":{"self":[{"href":"https:\/\/agora.xtec.cat\/escolacollserolacerdanyola\/wp-json\/wp\/v2\/posts\/27530","targetHints":{"allow":["GET"]}}],"collection":[{"href":"https:\/\/agora.xtec.cat\/escolacollserolacerdanyola\/wp-json\/wp\/v2\/posts"}],"about":[{"href":"https:\/\/agora.xtec.cat\/escolacollserolacerdanyola\/wp-json\/wp\/v2\/types\/post"}],"author":[{"embeddable":true,"href":"https:\/\/agora.xtec.cat\/escolacollserolacerdanyola\/wp-json\/wp\/v2\/users\/9"}],"replies":[{"embeddable":true,"href":"https:\/\/agora.xtec.cat\/escolacollserolacerdanyola\/wp-json\/wp\/v2\/comments?post=27530"}],"version-history":[{"count":2,"href":"https:\/\/agora.xtec.cat\/escolacollserolacerdanyola\/wp-json\/wp\/v2\/posts\/27530\/revisions"}],"predecessor-version":[{"id":27533,"href":"https:\/\/agora.xtec.cat\/escolacollserolacerdanyola\/wp-json\/wp\/v2\/posts\/27530\/revisions\/27533"}],"wp:featuredmedia":[{"embeddable":true,"href":"https:\/\/agora.xtec.cat\/escolacollserolacerdanyola\/wp-json\/wp\/v2\/media\/27532"}],"wp:attachment":[{"href":"https:\/\/agora.xtec.cat\/escolacollserolacerdanyola\/wp-json\/wp\/v2\/media?parent=27530"}],"wp:term":[{"taxonomy":"category","embeddable":true,"href":"https:\/\/agora.xtec.cat\/escolacollserolacerdanyola\/wp-json\/wp\/v2\/categories?post=27530"},{"taxonomy":"post_tag","embeddable":true,"href":"https:\/\/agora.xtec.cat\/escolacollserolacerdanyola\/wp-json\/wp\/v2\/tags?post=27530"}],"curies":[{"name":"wp","href":"https:\/\/api.w.org\/{rel}","templated":true}]}}