{"id":27526,"date":"2023-06-01T10:57:42","date_gmt":"2023-06-01T08:57:42","guid":{"rendered":"https:\/\/agora.xtec.cat\/escolacollserolacerdanyola\/?p=27526"},"modified":"2023-06-01T10:58:34","modified_gmt":"2023-06-01T08:58:34","slug":"2n-dia-colonies-6e-torre-de-la-mora","status":"publish","type":"post","link":"https:\/\/agora.xtec.cat\/escolacollserolacerdanyola\/portadageneral\/2n-dia-colonies-6e-torre-de-la-mora\/","title":{"rendered":"2n dia Col\u00f2nies 6\u00e8. Torre de la Mora"},"content":{"rendered":"<p>Hola fam\u00edlies,<\/p>\n<p>El segon dia de col\u00f2nies va estar genial, tot el dia en remull, literal. Vam comen\u00e7ar el dia amb els caiacs, quin fart de remar! vam aprendre, vam caure a l&#8217;aigua i vam riure molt. A la tarda vam estar amb el padelsurf, vam fer una mica de rugby, piscineo i dutxes. Vam acabar el dia molt cansats i cansades, i a les 12h estava tothom al llit.<\/p>\n<p>Aqu\u00ed algunes imatges!<\/p>\n<p><a href=\"https:\/\/photos.app.goo.gl\/N3Mb4ortEWWK1p1b8\">2n dia Col\u00f2nies 6\u00e8<\/a><\/p>\n","protected":false},"excerpt":{"rendered":"<p>Hola fam\u00edlies,<br \/>\nEl segon dia de col\u00f2nies va estar genial, tot el dia en remull, literal. Vam comen\u00e7ar el dia amb els caiacs, quin fart de remar! vam aprendre, vam caure a l&#8217;aigua i vam riure molt. A la tarda vam estar amb el padelsurf, vam&hellip;  <a href=\"https:\/\/agora.xtec.cat\/escolacollserolacerdanyola\/portadageneral\/2n-dia-colonies-6e-torre-de-la-mora\/\" title=\"Read 2n dia Col\u00f2nies 6\u00e8. Torre de la Mora\">Llegeix m\u00e9s\u00bb<\/a><\/p>\n","protected":false},"author":9,"featured_media":27527,"comment_status":"open","ping_status":"closed","sticky":false,"template":"","format":"standard","meta":{"_bbp_topic_count":0,"_bbp_reply_count":0,"_bbp_total_topic_count":0,"_bbp_total_reply_count":0,"_bbp_voice_count":0,"_bbp_anonymous_reply_count":0,"_bbp_topic_count_hidden":0,"_bbp_reply_count_hidden":0,"_bbp_forum_subforum_count":0,"footnotes":""},"categories":[15,98,86,1,5],"tags":[],"class_list":["post-27526","post","type-post","status-publish","format-standard","has-post-thumbnail","hentry","category-6e","category-colonies","category-grans","category-portadageneral","category-de-1r-a-6e"],"post_mailing_queue_ids":[],"_links":{"self":[{"href":"https:\/\/agora.xtec.cat\/escolacollserolacerdanyola\/wp-json\/wp\/v2\/posts\/27526","targetHints":{"allow":["GET"]}}],"collection":[{"href":"https:\/\/agora.xtec.cat\/escolacollserolacerdanyola\/wp-json\/wp\/v2\/posts"}],"about":[{"href":"https:\/\/agora.xtec.cat\/escolacollserolacerdanyola\/wp-json\/wp\/v2\/types\/post"}],"author":[{"embeddable":true,"href":"https:\/\/agora.xtec.cat\/escolacollserolacerdanyola\/wp-json\/wp\/v2\/users\/9"}],"replies":[{"embeddable":true,"href":"https:\/\/agora.xtec.cat\/escolacollserolacerdanyola\/wp-json\/wp\/v2\/comments?post=27526"}],"version-history":[{"count":3,"href":"https:\/\/agora.xtec.cat\/escolacollserolacerdanyola\/wp-json\/wp\/v2\/posts\/27526\/revisions"}],"predecessor-version":[{"id":27575,"href":"https:\/\/agora.xtec.cat\/escolacollserolacerdanyola\/wp-json\/wp\/v2\/posts\/27526\/revisions\/27575"}],"wp:featuredmedia":[{"embeddable":true,"href":"https:\/\/agora.xtec.cat\/escolacollserolacerdanyola\/wp-json\/wp\/v2\/media\/27527"}],"wp:attachment":[{"href":"https:\/\/agora.xtec.cat\/escolacollserolacerdanyola\/wp-json\/wp\/v2\/media?parent=27526"}],"wp:term":[{"taxonomy":"category","embeddable":true,"href":"https:\/\/agora.xtec.cat\/escolacollserolacerdanyola\/wp-json\/wp\/v2\/categories?post=27526"},{"taxonomy":"post_tag","embeddable":true,"href":"https:\/\/agora.xtec.cat\/escolacollserolacerdanyola\/wp-json\/wp\/v2\/tags?post=27526"}],"curies":[{"name":"wp","href":"https:\/\/api.w.org\/{rel}","templated":true}]}}