{"id":27519,"date":"2023-05-29T09:15:59","date_gmt":"2023-05-29T07:15:59","guid":{"rendered":"https:\/\/agora.xtec.cat\/escolacollserolacerdanyola\/?p=27519"},"modified":"2023-05-29T09:20:26","modified_gmt":"2023-05-29T07:20:26","slug":"4t-alcohol-de-romani-2","status":"publish","type":"post","link":"https:\/\/agora.xtec.cat\/escolacollserolacerdanyola\/de-1r-a-6e\/4t\/4t-alcohol-de-romani-2\/","title":{"rendered":"4t Alcohol de roman\u00ed"},"content":{"rendered":"<p><a href=\"https:\/\/photos.app.goo.gl\/zgTUbeNicDhjuHkRA\">4t Alcohol de roman\u00ed<\/a><\/p>\n<p>Hem fet alcohol de roman\u00ed! Primer vam anar a buscar el roman\u00ed al nostre jard\u00ed de plantes arom\u00e0tiques. Despr\u00e9s, al laboratori vam aixafar les fulles del roman\u00ed per extreure&#8217;n l&#8217;oli que \u00e9s on hi ha les propietats. Tot seguit vam afegir en un pot l&#8217;oli i alcohol i el vam deixar reposar tres setmanes en un indret fosc i fresc. Per \u00faltim el vam filtrar per posar-lo en pots petits etiquetats. A l&#8217;etiqueta tenim totes les seves propietats<\/p>\n","protected":false},"excerpt":{"rendered":"<p><a href=\"https:\/\/photos.app.goo.gl\/zgTUbeNicDhjuHkRA\">4t Alcohol de roman\u00ed<\/a><br \/>\nHem fet alcohol de roman\u00ed! Primer vam anar a buscar el roman\u00ed al nostre jard\u00ed de plantes arom\u00e0tiques. Despr\u00e9s, al laboratori vam aixafar les fulles del roman\u00ed per extreure&#8217;n l&#8217;oli que \u00e9s on hi ha les propietats. Tot seguit vam afegir&hellip;  <a href=\"https:\/\/agora.xtec.cat\/escolacollserolacerdanyola\/de-1r-a-6e\/4t\/4t-alcohol-de-romani-2\/\" title=\"Read 4t Alcohol de roman\u00ed\">Llegeix m\u00e9s\u00bb<\/a><\/p>\n","protected":false},"author":9,"featured_media":27520,"comment_status":"open","ping_status":"closed","sticky":false,"template":"","format":"standard","meta":{"_bbp_topic_count":0,"_bbp_reply_count":0,"_bbp_total_topic_count":0,"_bbp_total_reply_count":0,"_bbp_voice_count":0,"_bbp_anonymous_reply_count":0,"_bbp_topic_count_hidden":0,"_bbp_reply_count_hidden":0,"_bbp_forum_subforum_count":0,"footnotes":""},"categories":[13,86],"tags":[],"class_list":["post-27519","post","type-post","status-publish","format-standard","has-post-thumbnail","hentry","category-4t","category-grans"],"post_mailing_queue_ids":[],"_links":{"self":[{"href":"https:\/\/agora.xtec.cat\/escolacollserolacerdanyola\/wp-json\/wp\/v2\/posts\/27519","targetHints":{"allow":["GET"]}}],"collection":[{"href":"https:\/\/agora.xtec.cat\/escolacollserolacerdanyola\/wp-json\/wp\/v2\/posts"}],"about":[{"href":"https:\/\/agora.xtec.cat\/escolacollserolacerdanyola\/wp-json\/wp\/v2\/types\/post"}],"author":[{"embeddable":true,"href":"https:\/\/agora.xtec.cat\/escolacollserolacerdanyola\/wp-json\/wp\/v2\/users\/9"}],"replies":[{"embeddable":true,"href":"https:\/\/agora.xtec.cat\/escolacollserolacerdanyola\/wp-json\/wp\/v2\/comments?post=27519"}],"version-history":[{"count":2,"href":"https:\/\/agora.xtec.cat\/escolacollserolacerdanyola\/wp-json\/wp\/v2\/posts\/27519\/revisions"}],"predecessor-version":[{"id":27522,"href":"https:\/\/agora.xtec.cat\/escolacollserolacerdanyola\/wp-json\/wp\/v2\/posts\/27519\/revisions\/27522"}],"wp:featuredmedia":[{"embeddable":true,"href":"https:\/\/agora.xtec.cat\/escolacollserolacerdanyola\/wp-json\/wp\/v2\/media\/27520"}],"wp:attachment":[{"href":"https:\/\/agora.xtec.cat\/escolacollserolacerdanyola\/wp-json\/wp\/v2\/media?parent=27519"}],"wp:term":[{"taxonomy":"category","embeddable":true,"href":"https:\/\/agora.xtec.cat\/escolacollserolacerdanyola\/wp-json\/wp\/v2\/categories?post=27519"},{"taxonomy":"post_tag","embeddable":true,"href":"https:\/\/agora.xtec.cat\/escolacollserolacerdanyola\/wp-json\/wp\/v2\/tags?post=27519"}],"curies":[{"name":"wp","href":"https:\/\/api.w.org\/{rel}","templated":true}]}}