{"id":27509,"date":"2023-05-26T11:49:47","date_gmt":"2023-05-26T09:49:47","guid":{"rendered":"https:\/\/agora.xtec.cat\/escolacollserolacerdanyola\/?p=27509"},"modified":"2023-05-26T11:49:47","modified_gmt":"2023-05-26T09:49:47","slug":"mercat-de-cooperatives-2","status":"publish","type":"post","link":"https:\/\/agora.xtec.cat\/escolacollserolacerdanyola\/de-1r-a-6e\/5e\/mercat-de-cooperatives-2\/","title":{"rendered":"MERCAT DE COOPERATIVES"},"content":{"rendered":"<p><img loading=\"lazy\" decoding=\"async\" class=\"alignnone size-large wp-image-27510\" src=\"https:\/\/agora.xtec.cat\/escolacollserolacerdanyola\/wp-content\/uploads\/usu1390\/2023\/05\/IMG-20230519-WA0004-1024x768.jpg\" alt=\"\" width=\"1024\" height=\"768\" srcset=\"https:\/\/agora.xtec.cat\/escolacollserolacerdanyola\/wp-content\/uploads\/usu1390\/2023\/05\/IMG-20230519-WA0004-1024x768.jpg 1024w, https:\/\/agora.xtec.cat\/escolacollserolacerdanyola\/wp-content\/uploads\/usu1390\/2023\/05\/IMG-20230519-WA0004-300x225.jpg 300w, https:\/\/agora.xtec.cat\/escolacollserolacerdanyola\/wp-content\/uploads\/usu1390\/2023\/05\/IMG-20230519-WA0004-768x576.jpg 768w, https:\/\/agora.xtec.cat\/escolacollserolacerdanyola\/wp-content\/uploads\/usu1390\/2023\/05\/IMG-20230519-WA0004-1536x1152.jpg 1536w, https:\/\/agora.xtec.cat\/escolacollserolacerdanyola\/wp-content\/uploads\/usu1390\/2023\/05\/IMG-20230519-WA0004-200x150.jpg 200w, https:\/\/agora.xtec.cat\/escolacollserolacerdanyola\/wp-content\/uploads\/usu1390\/2023\/05\/IMG-20230519-WA0004.jpg 1600w\" sizes=\"auto, (max-width: 1024px) 100vw, 1024px\" \/><\/p>\n<p>El divendres passat l&#8217;alumnat de 5\u00e8 vam fer el mercat de cooperatives a la pla\u00e7a de Sant Iscle. (pla\u00e7a de correus)<\/p>\n<p>Vam estar de 9:30h a 12:00h venent productes, fabricant, fent publicitat i ajudant a l&#8217;associaci\u00f3 que vam escollir: FADAM.<\/p>\n<p>Va venir molta gent del poble i companys i companyes de la resta de l&#8217;escola a visitar-nos i comprar els nostres productes.<\/p>\n<p>Va ser un mat\u00ed molt diferent i divertit.<\/p>\n<p>A la tarda vam fer una mini festa a la classe per celebrar el treball fet a la nostra cooperativa.<\/p>\n<p>Si voleu veure algunes fotos del dia clickeu a l&#8217;enlla\u00e7.<\/p>\n<p><a href=\"https:\/\/photos.app.goo.gl\/F5dKeVQp1eRm8RcE9\">MERCAT COOPERATIVA SOTA EL MAR<\/a><\/p>\n","protected":false},"excerpt":{"rendered":"<p>El divendres passat l&#8217;alumnat de 5\u00e8 vam fer el mercat de cooperatives a la pla\u00e7a de Sant Iscle. (pla\u00e7a de correus)<br \/>\nVam estar de 9:30h a 12:00h venent productes, fabricant, fent publicitat i ajudant a l&#8217;associaci\u00f3 que vam escollir: FADAM.<br \/>\nVa venir molta gent del poble i&hellip;  <a href=\"https:\/\/agora.xtec.cat\/escolacollserolacerdanyola\/de-1r-a-6e\/5e\/mercat-de-cooperatives-2\/\" title=\"Read MERCAT DE COOPERATIVES\">Llegeix m\u00e9s\u00bb<\/a><\/p>\n","protected":false},"author":9,"featured_media":27510,"comment_status":"open","ping_status":"closed","sticky":false,"template":"","format":"standard","meta":{"_bbp_topic_count":0,"_bbp_reply_count":0,"_bbp_total_topic_count":0,"_bbp_total_reply_count":0,"_bbp_voice_count":0,"_bbp_anonymous_reply_count":0,"_bbp_topic_count_hidden":0,"_bbp_reply_count_hidden":0,"_bbp_forum_subforum_count":0,"footnotes":""},"categories":[14,498,86],"tags":[],"class_list":["post-27509","post","type-post","status-publish","format-standard","has-post-thumbnail","hentry","category-5e","category-cooperatives-escolars","category-grans"],"post_mailing_queue_ids":[],"_links":{"self":[{"href":"https:\/\/agora.xtec.cat\/escolacollserolacerdanyola\/wp-json\/wp\/v2\/posts\/27509","targetHints":{"allow":["GET"]}}],"collection":[{"href":"https:\/\/agora.xtec.cat\/escolacollserolacerdanyola\/wp-json\/wp\/v2\/posts"}],"about":[{"href":"https:\/\/agora.xtec.cat\/escolacollserolacerdanyola\/wp-json\/wp\/v2\/types\/post"}],"author":[{"embeddable":true,"href":"https:\/\/agora.xtec.cat\/escolacollserolacerdanyola\/wp-json\/wp\/v2\/users\/9"}],"replies":[{"embeddable":true,"href":"https:\/\/agora.xtec.cat\/escolacollserolacerdanyola\/wp-json\/wp\/v2\/comments?post=27509"}],"version-history":[{"count":3,"href":"https:\/\/agora.xtec.cat\/escolacollserolacerdanyola\/wp-json\/wp\/v2\/posts\/27509\/revisions"}],"predecessor-version":[{"id":27515,"href":"https:\/\/agora.xtec.cat\/escolacollserolacerdanyola\/wp-json\/wp\/v2\/posts\/27509\/revisions\/27515"}],"wp:featuredmedia":[{"embeddable":true,"href":"https:\/\/agora.xtec.cat\/escolacollserolacerdanyola\/wp-json\/wp\/v2\/media\/27510"}],"wp:attachment":[{"href":"https:\/\/agora.xtec.cat\/escolacollserolacerdanyola\/wp-json\/wp\/v2\/media?parent=27509"}],"wp:term":[{"taxonomy":"category","embeddable":true,"href":"https:\/\/agora.xtec.cat\/escolacollserolacerdanyola\/wp-json\/wp\/v2\/categories?post=27509"},{"taxonomy":"post_tag","embeddable":true,"href":"https:\/\/agora.xtec.cat\/escolacollserolacerdanyola\/wp-json\/wp\/v2\/tags?post=27509"}],"curies":[{"name":"wp","href":"https:\/\/api.w.org\/{rel}","templated":true}]}}