{"id":27493,"date":"2023-04-29T08:42:34","date_gmt":"2023-04-29T06:42:34","guid":{"rendered":"https:\/\/agora.xtec.cat\/escolacollserolacerdanyola\/?p=27493"},"modified":"2023-05-22T15:52:55","modified_gmt":"2023-05-22T13:52:55","slug":"4t-la-vida-dels-objectes","status":"publish","type":"post","link":"https:\/\/agora.xtec.cat\/escolacollserolacerdanyola\/de-1r-a-6e\/4t\/4t-la-vida-dels-objectes\/","title":{"rendered":"4t La vida dels objectes"},"content":{"rendered":"<p><a href=\"https:\/\/photos.app.goo.gl\/YZXXQ7JeQwDymeub6\">4t Un objecte especial<\/a><\/p>\n<p>A Catal\u00e0 vam fer una proposta de llegir i escriure lligada als records, les emocions i a com fer una mirada diferent vers el que ens envolta.<\/p>\n<p>Es va demanar als nens i a les\u00a0 nenes que portessin un objecte personal que tingu\u00e9s una import\u00e0ncia especial. Havien de buscar per casa algun objecte vell que no llen\u00e7arien mai: una pe\u00e7a de roba que sempre els ha agradat, una de les primeres joguines que van tenir, un regal molt especial, un objecte que pertanyia a l\u2019avi o l\u2019\u00e0via\u2026 Un objecte que fos, per a ells i elles, tan valu\u00f3s com una joia.<\/p>\n<p>A classe van escriure un petit text on van expressar per qu\u00e8 es tractava d\u2019un objecte d\u2019import\u00e0ncia personal i on s\u2019explicava una mica la seva hist\u00f2ria.<br \/>\nEls objectes van ser exposats a classe. A sota de cada objecte, hi havia la descripci\u00f3\u00a0 (plegada, per no ser vista).<br \/>\nDespr\u00e9s van anar escollint un objecte (que no era el seu) i es van imaginar la hist\u00f2ria. Van\u00a0 explicar all\u00f2 que els suggeria l\u2019objecte triat.<br \/>\nFinalment, es van comparar les dues hist\u00f2ries. L\u2019important no va ser endevinar la \u201cvertadera\u201d hist\u00f2ria de l\u2019objecte, sin\u00f3 haver participat en el \u201cjoc de saber mirar\u201d m\u00e9s enll\u00e0 del que veiem a primera vista i <strong>connectar amb les hist\u00f2ries i sentiments dels amics i amigues<\/strong>.<\/p>\n<div class=\"addtoany_share_save_container addtoany_content addtoany_content_bottom\">\n<div class=\"a2a_kit a2a_kit_size_32 addtoany_list\" data-a2a-url=\"https:\/\/agora.xtec.cat\/escolacollserolacerdanyola\/de-1r-a-6e\/4t\/4t-la-historia-dels-objectes\/\" data-a2a-title=\"4t La hist\u00f2ria dels objectes\"><\/div>\n<\/div>\n","protected":false},"excerpt":{"rendered":"<p><a href=\"https:\/\/photos.app.goo.gl\/YZXXQ7JeQwDymeub6\">4t Un objecte especial<\/a><br \/>\nA Catal\u00e0 vam fer una proposta de llegir i escriure lligada als records, les emocions i a com fer una mirada diferent vers el que ens envolta.<br \/>\nEs va demanar als nens i a les\u00a0 nenes que portessin un objecte personal que&hellip;  <a href=\"https:\/\/agora.xtec.cat\/escolacollserolacerdanyola\/de-1r-a-6e\/4t\/4t-la-vida-dels-objectes\/\" title=\"Read 4t La vida dels objectes\">Llegeix m\u00e9s\u00bb<\/a><\/p>\n","protected":false},"author":9,"featured_media":27494,"comment_status":"open","ping_status":"closed","sticky":false,"template":"","format":"standard","meta":{"_bbp_topic_count":0,"_bbp_reply_count":0,"_bbp_total_topic_count":0,"_bbp_total_reply_count":0,"_bbp_voice_count":0,"_bbp_anonymous_reply_count":0,"_bbp_topic_count_hidden":0,"_bbp_reply_count_hidden":0,"_bbp_forum_subforum_count":0,"footnotes":""},"categories":[13],"tags":[],"class_list":["post-27493","post","type-post","status-publish","format-standard","has-post-thumbnail","hentry","category-4t"],"post_mailing_queue_ids":[],"_links":{"self":[{"href":"https:\/\/agora.xtec.cat\/escolacollserolacerdanyola\/wp-json\/wp\/v2\/posts\/27493","targetHints":{"allow":["GET"]}}],"collection":[{"href":"https:\/\/agora.xtec.cat\/escolacollserolacerdanyola\/wp-json\/wp\/v2\/posts"}],"about":[{"href":"https:\/\/agora.xtec.cat\/escolacollserolacerdanyola\/wp-json\/wp\/v2\/types\/post"}],"author":[{"embeddable":true,"href":"https:\/\/agora.xtec.cat\/escolacollserolacerdanyola\/wp-json\/wp\/v2\/users\/9"}],"replies":[{"embeddable":true,"href":"https:\/\/agora.xtec.cat\/escolacollserolacerdanyola\/wp-json\/wp\/v2\/comments?post=27493"}],"version-history":[{"count":2,"href":"https:\/\/agora.xtec.cat\/escolacollserolacerdanyola\/wp-json\/wp\/v2\/posts\/27493\/revisions"}],"predecessor-version":[{"id":27496,"href":"https:\/\/agora.xtec.cat\/escolacollserolacerdanyola\/wp-json\/wp\/v2\/posts\/27493\/revisions\/27496"}],"wp:featuredmedia":[{"embeddable":true,"href":"https:\/\/agora.xtec.cat\/escolacollserolacerdanyola\/wp-json\/wp\/v2\/media\/27494"}],"wp:attachment":[{"href":"https:\/\/agora.xtec.cat\/escolacollserolacerdanyola\/wp-json\/wp\/v2\/media?parent=27493"}],"wp:term":[{"taxonomy":"category","embeddable":true,"href":"https:\/\/agora.xtec.cat\/escolacollserolacerdanyola\/wp-json\/wp\/v2\/categories?post=27493"},{"taxonomy":"post_tag","embeddable":true,"href":"https:\/\/agora.xtec.cat\/escolacollserolacerdanyola\/wp-json\/wp\/v2\/tags?post=27493"}],"curies":[{"name":"wp","href":"https:\/\/api.w.org\/{rel}","templated":true}]}}