{"id":27470,"date":"2023-05-12T18:31:30","date_gmt":"2023-05-12T16:31:30","guid":{"rendered":"https:\/\/agora.xtec.cat\/escolacollserolacerdanyola\/?p=27470"},"modified":"2023-05-12T18:31:30","modified_gmt":"2023-05-12T16:31:30","slug":"cooperativa-sota-el-mar","status":"publish","type":"post","link":"https:\/\/agora.xtec.cat\/escolacollserolacerdanyola\/de-1r-a-6e\/5e\/cooperativa-sota-el-mar\/","title":{"rendered":"Cooperativa &#8220;SOTA EL MAR&#8221;"},"content":{"rendered":"<p><span style=\"font-weight: 400\">Els nens i nenes de la classe\u00a0 del fons <\/span><span style=\"font-weight: 400\">mar\u00ed<\/span><span style=\"font-weight: 400\"> hem estat treballant des de novembre en l&#8217;organitzaci\u00f3 de la nostra cooperativa per que sigui super\u00a0 chula .<\/span><\/p>\n<p><span style=\"font-weight: 400\">Al comen\u00e7ament\u00a0 vam pensar en el nom i vam dissenyar i escollir el logo. Vam escollir els c\u00e0rrecs de la presidenta, de la tresorera i de\u00a0 la secretaria. Tot i que hi ha c\u00e0rrecs, totes les decisions les hem pres sempre entre tots i totes.<\/span><\/p>\n<p><span style=\"font-weight: 400\">En tornar de Nadal nom\u00e9s ten\u00edem prototips, per\u00f2 despr\u00e9s \u00e9s quan vam comen\u00e7ar a produir els productes i ens han quedat\u00a0 super b\u00e9. \u00a0 Nosaltres mateix@s vam anar a comprar els materials necessaris. Un cop els an\u00e0vem acabant despr\u00e9s ja vam a comen\u00e7ar a empaquetar els productes. \u00a0<\/span><span style=\"font-weight: 400\">Que bonics ens han quedat!!!!!!<\/span><\/p>\n<p><span style=\"font-weight: 400\">Amb els productes elaborats hem creat anuncis per a publicitar-los, pensant en les imatges, els esl\u00f2gans\u2026. i hem fet els comptes de quant ens hem gastat en els materials per a elaborar-los i aix\u00ed poder decidir quin preu els hi posariem.<\/span><\/p>\n<p><span style=\"font-weight: 400\">Per acabar hem preparat tot per a la paradeta del mercat: decoracions, cartells, roba que ens posarem \u2026\u00a0<\/span><\/p>\n<p><span style=\"font-weight: 400\">Al llarg d\u2019aquest temps hem comptat amb l\u2019ajuda d\u2019algunes mares i altres mestres per a la fabricaci\u00f3 i elaboraci\u00f3 dels productes!! Mil gr\u00e0cies per la vostra ajuda!!<\/span><\/p>\n<p>&nbsp;<\/p>\n<p><a href=\"https:\/\/photos.app.goo.gl\/mgFCTxVft5kV2EfU9\">ACTE D&#8217;INAGURACI\u00d3<\/a><\/p>\n<p><a href=\"https:\/\/photos.app.goo.gl\/xrT62Dw8KqQnbqRG8\">ESCOLLIM C\u00c0RRECS<\/a><\/p>\n<p><a href=\"https:\/\/photos.app.goo.gl\/iQ5h1ZXw9mvySfLX9\">DISSENY DEL LOGO<\/a><\/p>\n<p><a href=\"https:\/\/photos.app.goo.gl\/CNm8gXxamD9wdA1QA\">PROTOTIPS PRODUCTES<\/a><\/p>\n<p><a href=\"https:\/\/photos.app.goo.gl\/c5wUFYsU4qZqPSki6\">FABRICACI\u00d3 PRODUCTES<\/a><\/p>\n<p><a href=\"https:\/\/photos.app.goo.gl\/tSAsYQiYjZVWUoKj9\">CARTELLS PUBLICITARIS<\/a><\/p>\n<p><a href=\"https:\/\/photos.app.goo.gl\/7a3rzvi7jgcLGStu8\">CALCULEM PREUS<\/a><\/p>\n<p><a href=\"https:\/\/photos.app.goo.gl\/ct3EFvEXaSGzK9HQ7\">ENS PREPAREM PEL MERCAT<\/a><\/p>\n<p>&nbsp;<\/p>\n<p>&nbsp;<\/p>\n","protected":false},"excerpt":{"rendered":"<p>Els nens i nenes de la classe\u00a0 del fons mar\u00ed hem estat treballant des de novembre en l&#8217;organitzaci\u00f3 de la nostra cooperativa per que sigui super\u00a0 chula .<br \/>\nAl comen\u00e7ament\u00a0 vam pensar en el nom i vam dissenyar i escollir el logo. Vam escollir els c\u00e0rrecs&hellip;  <a href=\"https:\/\/agora.xtec.cat\/escolacollserolacerdanyola\/de-1r-a-6e\/5e\/cooperativa-sota-el-mar\/\" title=\"Read Cooperativa &#8220;SOTA EL MAR&#8221;\">Llegeix m\u00e9s\u00bb<\/a><\/p>\n","protected":false},"author":9,"featured_media":27471,"comment_status":"open","ping_status":"closed","sticky":false,"template":"","format":"standard","meta":{"_bbp_topic_count":0,"_bbp_reply_count":0,"_bbp_total_topic_count":0,"_bbp_total_reply_count":0,"_bbp_voice_count":0,"_bbp_anonymous_reply_count":0,"_bbp_topic_count_hidden":0,"_bbp_reply_count_hidden":0,"_bbp_forum_subforum_count":0,"footnotes":""},"categories":[14,498,86],"tags":[],"class_list":["post-27470","post","type-post","status-publish","format-standard","has-post-thumbnail","hentry","category-5e","category-cooperatives-escolars","category-grans"],"post_mailing_queue_ids":[],"_links":{"self":[{"href":"https:\/\/agora.xtec.cat\/escolacollserolacerdanyola\/wp-json\/wp\/v2\/posts\/27470","targetHints":{"allow":["GET"]}}],"collection":[{"href":"https:\/\/agora.xtec.cat\/escolacollserolacerdanyola\/wp-json\/wp\/v2\/posts"}],"about":[{"href":"https:\/\/agora.xtec.cat\/escolacollserolacerdanyola\/wp-json\/wp\/v2\/types\/post"}],"author":[{"embeddable":true,"href":"https:\/\/agora.xtec.cat\/escolacollserolacerdanyola\/wp-json\/wp\/v2\/users\/9"}],"replies":[{"embeddable":true,"href":"https:\/\/agora.xtec.cat\/escolacollserolacerdanyola\/wp-json\/wp\/v2\/comments?post=27470"}],"version-history":[{"count":1,"href":"https:\/\/agora.xtec.cat\/escolacollserolacerdanyola\/wp-json\/wp\/v2\/posts\/27470\/revisions"}],"predecessor-version":[{"id":27472,"href":"https:\/\/agora.xtec.cat\/escolacollserolacerdanyola\/wp-json\/wp\/v2\/posts\/27470\/revisions\/27472"}],"wp:featuredmedia":[{"embeddable":true,"href":"https:\/\/agora.xtec.cat\/escolacollserolacerdanyola\/wp-json\/wp\/v2\/media\/27471"}],"wp:attachment":[{"href":"https:\/\/agora.xtec.cat\/escolacollserolacerdanyola\/wp-json\/wp\/v2\/media?parent=27470"}],"wp:term":[{"taxonomy":"category","embeddable":true,"href":"https:\/\/agora.xtec.cat\/escolacollserolacerdanyola\/wp-json\/wp\/v2\/categories?post=27470"},{"taxonomy":"post_tag","embeddable":true,"href":"https:\/\/agora.xtec.cat\/escolacollserolacerdanyola\/wp-json\/wp\/v2\/tags?post=27470"}],"curies":[{"name":"wp","href":"https:\/\/api.w.org\/{rel}","templated":true}]}}