{"id":27330,"date":"2022-09-14T16:30:21","date_gmt":"2022-09-14T14:30:21","guid":{"rendered":"https:\/\/agora.xtec.cat\/escolacollserolacerdanyola\/?p=27330"},"modified":"2023-04-25T13:23:55","modified_gmt":"2023-04-25T11:23:55","slug":"benvingudes-i-benvinguts-a-primer","status":"publish","type":"post","link":"https:\/\/agora.xtec.cat\/escolacollserolacerdanyola\/de-1r-a-6e\/benvingudes-i-benvinguts-a-primer\/","title":{"rendered":"Benvingudes i benvinguts a primer"},"content":{"rendered":"<p>Els nens i les nenes de 2n ens han organitzat la benvinguda a prim\u00e0ria a les nenes i nens de 1r, amb una petita festa i ens han desitjat el millor per a aquesta nova etapa que comencem enguany.<\/p>\n<p>Moltes gr\u00e0cies!!!<\/p>\n<p>Estem segures i segurs que ens anir\u00e0 d&#8217;all\u00f2 m\u00e9s b\u00e9, aprendrem molt i ens ho passarem &#8220;a tope&#8221;!!!<\/p>\n<p>Aqu\u00ed us deixem un petit resum en imatges d&#8217;aquest esdeveniment.<\/p>\n<p><a href=\"https:\/\/photos.app.goo.gl\/1sDcJheFVwTLCeQy5\">Benvinguda a prim\u00e0ria<\/a><\/p>\n","protected":false},"excerpt":{"rendered":"<p>Benvingudes i benvinguts a primer!!!&hellip;  <a href=\"https:\/\/agora.xtec.cat\/escolacollserolacerdanyola\/de-1r-a-6e\/benvingudes-i-benvinguts-a-primer\/\" title=\"Read Benvingudes i benvinguts a primer\">Llegeix m\u00e9s\u00bb<\/a><\/p>\n","protected":false},"author":7,"featured_media":27332,"comment_status":"open","ping_status":"closed","sticky":false,"template":"","format":"standard","meta":{"_bbp_topic_count":0,"_bbp_reply_count":0,"_bbp_total_topic_count":0,"_bbp_total_reply_count":0,"_bbp_voice_count":0,"_bbp_anonymous_reply_count":0,"_bbp_topic_count_hidden":0,"_bbp_reply_count_hidden":0,"_bbp_forum_subforum_count":0,"footnotes":""},"categories":[10,5],"tags":[],"class_list":["post-27330","post","type-post","status-publish","format-standard","has-post-thumbnail","hentry","category-1r","category-de-1r-a-6e"],"post_mailing_queue_ids":[],"_links":{"self":[{"href":"https:\/\/agora.xtec.cat\/escolacollserolacerdanyola\/wp-json\/wp\/v2\/posts\/27330","targetHints":{"allow":["GET"]}}],"collection":[{"href":"https:\/\/agora.xtec.cat\/escolacollserolacerdanyola\/wp-json\/wp\/v2\/posts"}],"about":[{"href":"https:\/\/agora.xtec.cat\/escolacollserolacerdanyola\/wp-json\/wp\/v2\/types\/post"}],"author":[{"embeddable":true,"href":"https:\/\/agora.xtec.cat\/escolacollserolacerdanyola\/wp-json\/wp\/v2\/users\/7"}],"replies":[{"embeddable":true,"href":"https:\/\/agora.xtec.cat\/escolacollserolacerdanyola\/wp-json\/wp\/v2\/comments?post=27330"}],"version-history":[{"count":2,"href":"https:\/\/agora.xtec.cat\/escolacollserolacerdanyola\/wp-json\/wp\/v2\/posts\/27330\/revisions"}],"predecessor-version":[{"id":27334,"href":"https:\/\/agora.xtec.cat\/escolacollserolacerdanyola\/wp-json\/wp\/v2\/posts\/27330\/revisions\/27334"}],"wp:featuredmedia":[{"embeddable":true,"href":"https:\/\/agora.xtec.cat\/escolacollserolacerdanyola\/wp-json\/wp\/v2\/media\/27332"}],"wp:attachment":[{"href":"https:\/\/agora.xtec.cat\/escolacollserolacerdanyola\/wp-json\/wp\/v2\/media?parent=27330"}],"wp:term":[{"taxonomy":"category","embeddable":true,"href":"https:\/\/agora.xtec.cat\/escolacollserolacerdanyola\/wp-json\/wp\/v2\/categories?post=27330"},{"taxonomy":"post_tag","embeddable":true,"href":"https:\/\/agora.xtec.cat\/escolacollserolacerdanyola\/wp-json\/wp\/v2\/tags?post=27330"}],"curies":[{"name":"wp","href":"https:\/\/api.w.org\/{rel}","templated":true}]}}