{"id":27152,"date":"2023-03-30T19:23:15","date_gmt":"2023-03-30T17:23:15","guid":{"rendered":"https:\/\/agora.xtec.cat\/escolacollserolacerdanyola\/?p=27152"},"modified":"2023-03-30T19:23:15","modified_gmt":"2023-03-30T17:23:15","slug":"ei4-curs-2022-23-lhort-segon-trimestre","status":"publish","type":"post","link":"https:\/\/agora.xtec.cat\/escolacollserolacerdanyola\/ei3-ei4-ei5\/ei4\/ei4-curs-2022-23-lhort-segon-trimestre\/","title":{"rendered":"EI4 curs 2022-23 l&#8217;hort segon trimestre"},"content":{"rendered":"<p>Benvolgudes fam\u00edlies!!<\/p>\n<p style=\"text-align: center\">Vam comen\u00e7ar l&#8217;inici del trimestre anant a observar com estava l&#8217;hort despr\u00e9s de les vacances, ens el vam trobar molt sec i el vam regar. Aix\u00ed, sempre que hem pogut hem sortir a regar-lo i a netejar-lo d&#8217;herbes dolentes.<\/p>\n<p style=\"text-align: center\">\u00a0 \u00a0 \u00a0 \u00a0 \u00a0 \u00a0 \u00a0 \u00a0 \u00a0 \u00a0 \u00a0 \u00a0 \u00a0 \u00a0 \u00a0Tamb\u00e9, l&#8217;hem\u00a0 dibuixat a l&#8217;hivern i , ara, tamb\u00e9, amb la plantada de primavera, en que hem plantat flors a les jardineres del pati i espinacs a la part de l&#8217;hort.<\/p>\n<p style=\"text-align: center\">\u00a0 \u00a0 \u00a0 \u00a0 \u00a0 \u00a0 \u00a0 \u00a0 \u00a0 \u00a0 \u00a0 \u00a0 \u00a0 \u00a0 \u00a0 \u00a0 \u00a0 \u00a0 \u00a0 \u00a0 \u00a0 \u00a0 \u00a0 \u00a0 \u00a0 \u00a0 \u00a0 \u00a0 \u00a0Ja han comen\u00e7at a sortir les faves i les hem pogut,\u00a0 tocar, olorar i\u00a0 veure-les per dins.<\/p>\n<p style=\"text-align: center\">Tamb\u00e9, ens hem apr\u00e9s una can\u00e7\u00f3<\/p>\n<p style=\"text-align: center\">Espero que gaudiu de les fotos<\/p>\n<p style=\"text-align: center\">MOLTS GR\u00c0CIES PER LA VOSTRA COL\u00b7LABORACI\u00d3 EN LA PLANTADA DE PRIMAVERA<\/p>\n<p style=\"text-align: center\">Clica a la foto i veur\u00e0s<\/p>\n<p><a href=\"https:\/\/photos.app.goo.gl\/Lw8EGcTsu8DgJbXp9\"><img loading=\"lazy\" decoding=\"async\" class=\"aligncenter\" src=\"https:\/\/agora.xtec.cat\/escolacollserolacerdanyola\/wp-content\/uploads\/usu1390\/2023\/03\/IMG-20230320-WA0026-copia.jpg\" width=\"452\" height=\"204\" \/><\/a><\/p>\n","protected":false},"excerpt":{"rendered":"<p>Benvolgudes fam\u00edlies!!<br \/>\nVam comen\u00e7ar l&#8217;inici del trimestre anant a observar com estava l&#8217;hort despr\u00e9s de les vacances, ens el vam trobar molt sec i el vam regar. Aix\u00ed, sempre que hem pogut hem sortir a regar-lo i a netejar-lo d&#8217;herbes dolentes.<br \/>\n\u00a0 \u00a0 \u00a0 \u00a0 \u00a0 \u00a0&hellip;  <a href=\"https:\/\/agora.xtec.cat\/escolacollserolacerdanyola\/ei3-ei4-ei5\/ei4\/ei4-curs-2022-23-lhort-segon-trimestre\/\" title=\"Read EI4 curs 2022-23 l&#8217;hort segon trimestre\">Llegeix m\u00e9s\u00bb<\/a><\/p>\n","protected":false},"author":6,"featured_media":27153,"comment_status":"open","ping_status":"closed","sticky":false,"template":"","format":"standard","meta":{"_bbp_topic_count":0,"_bbp_reply_count":0,"_bbp_total_topic_count":0,"_bbp_total_reply_count":0,"_bbp_voice_count":0,"_bbp_anonymous_reply_count":0,"_bbp_topic_count_hidden":0,"_bbp_reply_count_hidden":0,"_bbp_forum_subforum_count":0,"footnotes":""},"categories":[8],"tags":[],"class_list":["post-27152","post","type-post","status-publish","format-standard","has-post-thumbnail","hentry","category-ei4"],"post_mailing_queue_ids":[],"_links":{"self":[{"href":"https:\/\/agora.xtec.cat\/escolacollserolacerdanyola\/wp-json\/wp\/v2\/posts\/27152","targetHints":{"allow":["GET"]}}],"collection":[{"href":"https:\/\/agora.xtec.cat\/escolacollserolacerdanyola\/wp-json\/wp\/v2\/posts"}],"about":[{"href":"https:\/\/agora.xtec.cat\/escolacollserolacerdanyola\/wp-json\/wp\/v2\/types\/post"}],"author":[{"embeddable":true,"href":"https:\/\/agora.xtec.cat\/escolacollserolacerdanyola\/wp-json\/wp\/v2\/users\/6"}],"replies":[{"embeddable":true,"href":"https:\/\/agora.xtec.cat\/escolacollserolacerdanyola\/wp-json\/wp\/v2\/comments?post=27152"}],"version-history":[{"count":2,"href":"https:\/\/agora.xtec.cat\/escolacollserolacerdanyola\/wp-json\/wp\/v2\/posts\/27152\/revisions"}],"predecessor-version":[{"id":27238,"href":"https:\/\/agora.xtec.cat\/escolacollserolacerdanyola\/wp-json\/wp\/v2\/posts\/27152\/revisions\/27238"}],"wp:featuredmedia":[{"embeddable":true,"href":"https:\/\/agora.xtec.cat\/escolacollserolacerdanyola\/wp-json\/wp\/v2\/media\/27153"}],"wp:attachment":[{"href":"https:\/\/agora.xtec.cat\/escolacollserolacerdanyola\/wp-json\/wp\/v2\/media?parent=27152"}],"wp:term":[{"taxonomy":"category","embeddable":true,"href":"https:\/\/agora.xtec.cat\/escolacollserolacerdanyola\/wp-json\/wp\/v2\/categories?post=27152"},{"taxonomy":"post_tag","embeddable":true,"href":"https:\/\/agora.xtec.cat\/escolacollserolacerdanyola\/wp-json\/wp\/v2\/tags?post=27152"}],"curies":[{"name":"wp","href":"https:\/\/api.w.org\/{rel}","templated":true}]}}