{"id":26789,"date":"2023-03-13T10:35:23","date_gmt":"2023-03-13T09:35:23","guid":{"rendered":"https:\/\/agora.xtec.cat\/escolacollserolacerdanyola\/?p=26789"},"modified":"2023-04-13T10:36:32","modified_gmt":"2023-04-13T08:36:32","slug":"jornades-culturals-23","status":"publish","type":"post","link":"https:\/\/agora.xtec.cat\/escolacollserolacerdanyola\/de-1r-a-6e\/4t\/jornades-culturals-23\/","title":{"rendered":"JORNADES CULTURALS &#8217;23"},"content":{"rendered":"<p>Aquest curs, les jornades culturals han girat al voltant del pas del temps. Barrejats en grups internivells vam fer tallers diversos on vam aprendre un munt de coses sobre el nostre passat m\u00e9s lluny\u00e0, el nostre present i vam poder experimentar amb el que creiem ser\u00e0 el nostre futur.<\/p>\n<p>A continuaci\u00f3 trobareu un recull de fotos dels diferents tallers amb una petita explicaci\u00f3 del que vam fer. Esperem que us agradin!!<\/p>\n<p><strong><span style=\"color: #008000\">TALLER: LLUM A LA COVA<\/span><\/strong><\/p>\n<p>En aquest taller hem viatjat a la Prehist\u00f2ria, al Paleol\u00edtic. Primer hem sortit a l&#8217;exterior per fer-nos a la idea del medi on vivien les\/els nostres avantpassades\/ts i hem dedu\u00eft quina llum feien servir dins de les coves. Tot seguit hem anat al laboratori a construir-la amb fang i cera d&#8217;abella. Per acabar hem baixat a la cova de l&#8217;escola per provar aquest tipus d&#8217;il\u00b7luminaci\u00f3. Hem aprofitat que bufessin les espelmes un nen i una nena que just feien anys.\ud83d\ude00<\/p>\n<p><a href=\"https:\/\/photos.app.goo.gl\/NxVXsWQuBK1bSUS86\">LLum a la covaGrup 1<\/a><\/p>\n<p><a href=\"https:\/\/photos.app.goo.gl\/mCkm6CJdEn789Kjy7\">Llum a la covaGrups 2 i 3<\/a><\/p>\n<p><a href=\"https:\/\/photos.app.goo.gl\/Hj2qHi65BrhwJi3r5\">Llum a la covaGrup 4<\/a><\/p>\n<p><a href=\"https:\/\/photos.app.goo.gl\/8j5dXCn6YwSrS66UA\">Llum a la covaGrup 5<\/a><\/p>\n<p><a href=\"https:\/\/photos.app.goo.gl\/1cocfdnXvPkjHaCY6\">Llum a la covaGrup 6<\/a><\/p>\n<p><strong><span style=\"color: #800080\">TALLER DE FOTO &#8220;AFOCER&#8221;<\/span><\/strong><\/p>\n<p>En aquest taller, gr\u00e0cies a les persones volunt\u00e0ries d&#8217;AFOCER (Agrupaci\u00f3 de Foto i Cine de Cerdanyola i Ripollet) vam aprendre els conceptes b\u00e0sics de fotografia: regla dels tres ter\u00e7os, enquadres, centre d&#8217;inter\u00e8s, direcci\u00f3 de l&#8217;acci\u00f3&#8230; tot all\u00f2 necessari per fer una bona foto. Un cop repassats els conceptes te\u00f2rics, vam sortir amb les c\u00e0meres a fer fotografies, i el resultat&#8230;aqu\u00ed el teniu!<\/p>\n<p><a href=\"https:\/\/photos.app.goo.gl\/xEZ17hX42jtRKvQn8\">Taller Afocer<\/a><\/p>\n<p><strong><span style=\"color: #993300\">TALLER ART RUPESTRE<\/span><\/strong><\/p>\n<p>Creant els nostres propis pigments a partir d&#8217;elements naturals com esp\u00e8cies, carb\u00f3 i fang,\u00a0 vam convertir-nos en artistes de la prehist\u00f2ria i vam decorar un dels murs de l&#8217;escola amb pintures rupestres. Vam representar escenes de la vida quotidiana d&#8217;aquella \u00e8poca: caceres, danses, baralles, la vida a les coves&#8230;<\/p>\n<p><a href=\"https:\/\/photos.app.goo.gl\/xEZ17hX42jtRKvQn8\">Taller art rupestre<\/a><\/p>\n<p><strong><span style=\"color: #0000ff\">TALLER ROB\u00d2TICA<\/span><\/strong><\/p>\n<p>En aquest taller vam descobrir el material de rob\u00f2tica i lego, una proposta presentada amb la finalitat que nens i nenes poguessin experimentar aquells recursos m\u00e9s t\u00e8cnics que ens acostaven al futur: programaci\u00f3 i robots. Des del treball cooperatiu, van experimentar lliurement amb la construcci\u00f3 de models totalment espontanis (cotxes aerodin\u00e0mics, prototips de motocicletes&#8230;) per donar pas, posteriorment, a models totalment robotitzats com un ballar\u00ed o una motocicleta.<\/p>\n<p><strong><span style=\"color: #ff0000\">TALLER TINTA I PAPIR<\/span><\/strong><\/p>\n<p>En aquest taller vam veure com ha anat evolucionant l&#8217;escriptura al llarg del temps. Vam descobrir que una de les primeres formes d&#8217;escriptura van ser els jerogl\u00edfics egipcis i vam aprendre a fer papir, suport que tamb\u00e9 van descobrir els propis egipcis. Avan\u00e7ant en el temps descobrim i experimentem amb les plomes i la tinta, posant-nos a la pell dels nostres avantpassats i veient com eren les lletres i els estris que utilitzaven per escriure en aquella \u00e8poca. Ens va agradar molt escriure amb ploma i tinta i vam comprovar que no era gens f\u00e0cil!!!!<\/p>\n<p><a href=\"https:\/\/photos.app.goo.gl\/q77a7rHEphigupDN9\">Taller tinta i papir<\/a><\/p>\n<p>&nbsp;<\/p>\n<p>&nbsp;<\/p>\n","protected":false},"excerpt":{"rendered":"<p>Aquest curs, les jornades culturals han girat al voltant del pas del temps. Barrejats en grups internivells vam fer tallers diversos on vam aprendre un munt de coses sobre el nostre passat m\u00e9s lluny\u00e0, el nostre present i vam poder experimentar amb el que creiem&hellip;  <a href=\"https:\/\/agora.xtec.cat\/escolacollserolacerdanyola\/de-1r-a-6e\/4t\/jornades-culturals-23\/\" title=\"Read JORNADES CULTURALS &#8217;23\">Llegeix m\u00e9s\u00bb<\/a><\/p>\n","protected":false},"author":9,"featured_media":26791,"comment_status":"open","ping_status":"closed","sticky":false,"template":"","format":"standard","meta":{"_bbp_topic_count":0,"_bbp_reply_count":0,"_bbp_total_topic_count":0,"_bbp_total_reply_count":0,"_bbp_voice_count":0,"_bbp_anonymous_reply_count":0,"_bbp_topic_count_hidden":0,"_bbp_reply_count_hidden":0,"_bbp_forum_subforum_count":0,"footnotes":""},"categories":[13,14,15,86],"tags":[],"class_list":["post-26789","post","type-post","status-publish","format-standard","has-post-thumbnail","hentry","category-4t","category-5e","category-6e","category-grans"],"post_mailing_queue_ids":[],"_links":{"self":[{"href":"https:\/\/agora.xtec.cat\/escolacollserolacerdanyola\/wp-json\/wp\/v2\/posts\/26789","targetHints":{"allow":["GET"]}}],"collection":[{"href":"https:\/\/agora.xtec.cat\/escolacollserolacerdanyola\/wp-json\/wp\/v2\/posts"}],"about":[{"href":"https:\/\/agora.xtec.cat\/escolacollserolacerdanyola\/wp-json\/wp\/v2\/types\/post"}],"author":[{"embeddable":true,"href":"https:\/\/agora.xtec.cat\/escolacollserolacerdanyola\/wp-json\/wp\/v2\/users\/9"}],"replies":[{"embeddable":true,"href":"https:\/\/agora.xtec.cat\/escolacollserolacerdanyola\/wp-json\/wp\/v2\/comments?post=26789"}],"version-history":[{"count":3,"href":"https:\/\/agora.xtec.cat\/escolacollserolacerdanyola\/wp-json\/wp\/v2\/posts\/26789\/revisions"}],"predecessor-version":[{"id":27299,"href":"https:\/\/agora.xtec.cat\/escolacollserolacerdanyola\/wp-json\/wp\/v2\/posts\/26789\/revisions\/27299"}],"wp:featuredmedia":[{"embeddable":true,"href":"https:\/\/agora.xtec.cat\/escolacollserolacerdanyola\/wp-json\/wp\/v2\/media\/26791"}],"wp:attachment":[{"href":"https:\/\/agora.xtec.cat\/escolacollserolacerdanyola\/wp-json\/wp\/v2\/media?parent=26789"}],"wp:term":[{"taxonomy":"category","embeddable":true,"href":"https:\/\/agora.xtec.cat\/escolacollserolacerdanyola\/wp-json\/wp\/v2\/categories?post=26789"},{"taxonomy":"post_tag","embeddable":true,"href":"https:\/\/agora.xtec.cat\/escolacollserolacerdanyola\/wp-json\/wp\/v2\/tags?post=26789"}],"curies":[{"name":"wp","href":"https:\/\/api.w.org\/{rel}","templated":true}]}}