{"id":26763,"date":"2023-02-12T19:49:56","date_gmt":"2023-02-12T18:49:56","guid":{"rendered":"https:\/\/agora.xtec.cat\/escolacollserolacerdanyola\/?p=26763"},"modified":"2023-02-12T19:49:56","modified_gmt":"2023-02-12T18:49:56","slug":"p4-curs-22-23-joc-simbolic","status":"publish","type":"post","link":"https:\/\/agora.xtec.cat\/escolacollserolacerdanyola\/ei3-ei4-ei5\/ei4\/p4-curs-22-23-joc-simbolic\/","title":{"rendered":"P4 curs 22-23 JOC SIMB\u00d2LIC"},"content":{"rendered":"<p>BENVOLGUDES FAM\u00cdLIES!!<\/p>\n<p style=\"text-align: center\">Ja fa uns dies que l&#8217;Aina, va acabar les seves pr\u00e0ctiques de mestra a la classe dels Unicorns i, tamb\u00e9, el projecte que va dur a terme, conjuntament amb la Maria, de transformar l&#8217;aula de joc simb\u00f2lic el m\u00e9s proper a la realitat . Aqu\u00ed us adjunto una foto de grup amb\u00a0 ella, i amb el conte que ens va regalar l&#8217;Aina per la classe,\u00a0 i unes fotos dels vostres fills i filles\u00a0 jugant i gaudint de la nostra aula\u00a0 joc simb\u00f2lic.<\/p>\n<p style=\"text-align: center\">MOLTES GR\u00c0CIES FAM\u00cdLIES PER LA VOSTRA COL\u00b7LABORACI\u00d3<\/p>\n<p style=\"text-align: center\">\u00a0 \u00a0 \u00a0 \u00a0 MOLTES GR\u00c0CIES AINA PER LA FEINA FETA<\/p>\n<p style=\"text-align: center\">ET TROBAREM A FALTAR<\/p>\n<p style=\"text-align: center\">Clica a la foto i veur\u00e0s<\/p>\n<p><a href=\"https:\/\/photos.app.goo.gl\/JZQU5CLFML7r81mh6\"><br \/>\n<img loading=\"lazy\" decoding=\"async\" class=\"aligncenter\" src=\"https:\/\/agora.xtec.cat\/escolacollserolacerdanyola\/wp-content\/uploads\/usu1390\/2023\/02\/IMG_20230120_151916-copia-scaled.jpg\" width=\"798\" height=\"368\" \/><\/a><\/p>\n","protected":false},"excerpt":{"rendered":"<p>BENVOLGUDES FAM\u00cdLIES!!<br \/>\nJa fa uns dies que l&#8217;Aina, va acabar les seves pr\u00e0ctiques de mestra a la classe dels Unicorns i, tamb\u00e9, el projecte que va dur a terme, conjuntament amb la Maria, de transformar l&#8217;aula de joc simb\u00f2lic el m\u00e9s proper a la realitat .&hellip;  <a href=\"https:\/\/agora.xtec.cat\/escolacollserolacerdanyola\/ei3-ei4-ei5\/ei4\/p4-curs-22-23-joc-simbolic\/\" title=\"Read P4 curs 22-23 JOC SIMB\u00d2LIC\">Llegeix m\u00e9s\u00bb<\/a><\/p>\n","protected":false},"author":6,"featured_media":26764,"comment_status":"open","ping_status":"closed","sticky":false,"template":"","format":"standard","meta":{"_bbp_topic_count":0,"_bbp_reply_count":0,"_bbp_total_topic_count":0,"_bbp_total_reply_count":0,"_bbp_voice_count":0,"_bbp_anonymous_reply_count":0,"_bbp_topic_count_hidden":0,"_bbp_reply_count_hidden":0,"_bbp_forum_subforum_count":0,"footnotes":""},"categories":[8],"tags":[],"class_list":["post-26763","post","type-post","status-publish","format-standard","has-post-thumbnail","hentry","category-ei4"],"post_mailing_queue_ids":[],"_links":{"self":[{"href":"https:\/\/agora.xtec.cat\/escolacollserolacerdanyola\/wp-json\/wp\/v2\/posts\/26763","targetHints":{"allow":["GET"]}}],"collection":[{"href":"https:\/\/agora.xtec.cat\/escolacollserolacerdanyola\/wp-json\/wp\/v2\/posts"}],"about":[{"href":"https:\/\/agora.xtec.cat\/escolacollserolacerdanyola\/wp-json\/wp\/v2\/types\/post"}],"author":[{"embeddable":true,"href":"https:\/\/agora.xtec.cat\/escolacollserolacerdanyola\/wp-json\/wp\/v2\/users\/6"}],"replies":[{"embeddable":true,"href":"https:\/\/agora.xtec.cat\/escolacollserolacerdanyola\/wp-json\/wp\/v2\/comments?post=26763"}],"version-history":[{"count":3,"href":"https:\/\/agora.xtec.cat\/escolacollserolacerdanyola\/wp-json\/wp\/v2\/posts\/26763\/revisions"}],"predecessor-version":[{"id":26768,"href":"https:\/\/agora.xtec.cat\/escolacollserolacerdanyola\/wp-json\/wp\/v2\/posts\/26763\/revisions\/26768"}],"wp:featuredmedia":[{"embeddable":true,"href":"https:\/\/agora.xtec.cat\/escolacollserolacerdanyola\/wp-json\/wp\/v2\/media\/26764"}],"wp:attachment":[{"href":"https:\/\/agora.xtec.cat\/escolacollserolacerdanyola\/wp-json\/wp\/v2\/media?parent=26763"}],"wp:term":[{"taxonomy":"category","embeddable":true,"href":"https:\/\/agora.xtec.cat\/escolacollserolacerdanyola\/wp-json\/wp\/v2\/categories?post=26763"},{"taxonomy":"post_tag","embeddable":true,"href":"https:\/\/agora.xtec.cat\/escolacollserolacerdanyola\/wp-json\/wp\/v2\/tags?post=26763"}],"curies":[{"name":"wp","href":"https:\/\/api.w.org\/{rel}","templated":true}]}}