{"id":26677,"date":"2023-01-31T13:42:10","date_gmt":"2023-01-31T12:42:10","guid":{"rendered":"https:\/\/agora.xtec.cat\/escolacollserolacerdanyola\/?p=26677"},"modified":"2023-01-31T13:42:10","modified_gmt":"2023-01-31T12:42:10","slug":"cicle-petits-sortida-auditori-curs-22-23","status":"publish","type":"post","link":"https:\/\/agora.xtec.cat\/escolacollserolacerdanyola\/portadageneral\/cicle-petits-sortida-auditori-curs-22-23\/","title":{"rendered":"Cicle Petits: Sortida Auditori: Curs 22-23"},"content":{"rendered":"<p>Benvolgudes fam\u00edlies<\/p>\n<p>Ahir dilluns 30 de gener el Cicle de Petits vam fer una sortida conjunta, a l&#8217;Auditori de Barcelona, per participar en l&#8217;audici\u00f3 de &#8220;Pica-so&#8221;.<\/p>\n<p>Despr\u00e9s vam anar al parc de Diagonal Mar on vam dinar tots junts i ens ho vam passar d&#8217; all\u00f2 m\u00e9s b\u00e9.<\/p>\n<p>Cliqueu <a href=\"https:\/\/photos.app.goo.gl\/pnhd9cJ4UcynnNcu7\" target=\"_blank\" rel=\"noopener\">AQU\u00cd<\/a> per veure les fotos.<\/p>\n<p>Equip de mestres del Cicle de Petits.<\/p>\n","protected":false},"excerpt":{"rendered":"<p>Benvolgudes fam\u00edlies<br \/>\nAhir dilluns 30 de gener el Cicle de Petits vam fer una sortida conjunta, a l&#8217;Auditori de Barcelona, per participar en l&#8217;audici\u00f3 de &#8220;Pica-so&#8221;.<br \/>\nDespr\u00e9s vam anar al parc de Diagonal Mar on vam dinar tots junts i ens ho vam passar d&#8217; all\u00f2 m\u00e9s&hellip;  <a href=\"https:\/\/agora.xtec.cat\/escolacollserolacerdanyola\/portadageneral\/cicle-petits-sortida-auditori-curs-22-23\/\" title=\"Read Cicle Petits: Sortida Auditori: Curs 22-23\">Llegeix m\u00e9s\u00bb<\/a><\/p>\n","protected":false},"author":6,"featured_media":0,"comment_status":"open","ping_status":"closed","sticky":false,"template":"","format":"standard","meta":{"_bbp_topic_count":0,"_bbp_reply_count":0,"_bbp_total_topic_count":0,"_bbp_total_reply_count":0,"_bbp_voice_count":0,"_bbp_anonymous_reply_count":0,"_bbp_topic_count_hidden":0,"_bbp_reply_count_hidden":0,"_bbp_forum_subforum_count":0,"footnotes":""},"categories":[293,2,88,3,8,9,267,1,4],"tags":[],"class_list":["post-26677","post","type-post","status-publish","format-standard","hentry","category-audicions","category-ei3-ei4-ei5","category-concert","category-ei3","category-ei4","category-ei5","category-musica","category-portadageneral","category-portada"],"post_mailing_queue_ids":[],"_links":{"self":[{"href":"https:\/\/agora.xtec.cat\/escolacollserolacerdanyola\/wp-json\/wp\/v2\/posts\/26677","targetHints":{"allow":["GET"]}}],"collection":[{"href":"https:\/\/agora.xtec.cat\/escolacollserolacerdanyola\/wp-json\/wp\/v2\/posts"}],"about":[{"href":"https:\/\/agora.xtec.cat\/escolacollserolacerdanyola\/wp-json\/wp\/v2\/types\/post"}],"author":[{"embeddable":true,"href":"https:\/\/agora.xtec.cat\/escolacollserolacerdanyola\/wp-json\/wp\/v2\/users\/6"}],"replies":[{"embeddable":true,"href":"https:\/\/agora.xtec.cat\/escolacollserolacerdanyola\/wp-json\/wp\/v2\/comments?post=26677"}],"version-history":[{"count":3,"href":"https:\/\/agora.xtec.cat\/escolacollserolacerdanyola\/wp-json\/wp\/v2\/posts\/26677\/revisions"}],"predecessor-version":[{"id":26683,"href":"https:\/\/agora.xtec.cat\/escolacollserolacerdanyola\/wp-json\/wp\/v2\/posts\/26677\/revisions\/26683"}],"wp:attachment":[{"href":"https:\/\/agora.xtec.cat\/escolacollserolacerdanyola\/wp-json\/wp\/v2\/media?parent=26677"}],"wp:term":[{"taxonomy":"category","embeddable":true,"href":"https:\/\/agora.xtec.cat\/escolacollserolacerdanyola\/wp-json\/wp\/v2\/categories?post=26677"},{"taxonomy":"post_tag","embeddable":true,"href":"https:\/\/agora.xtec.cat\/escolacollserolacerdanyola\/wp-json\/wp\/v2\/tags?post=26677"}],"curies":[{"name":"wp","href":"https:\/\/api.w.org\/{rel}","templated":true}]}}