{"id":26646,"date":"2022-10-01T09:00:10","date_gmt":"2022-10-01T07:00:10","guid":{"rendered":"https:\/\/agora.xtec.cat\/escolacollserolacerdanyola\/?p=26646"},"modified":"2023-11-07T09:24:54","modified_gmt":"2023-11-07T08:24:54","slug":"assemblea-22-23","status":"publish","type":"post","link":"https:\/\/agora.xtec.cat\/escolacollserolacerdanyola\/portadageneral\/assemblea-22-23\/","title":{"rendered":"ASSEMBLEA 22-23"},"content":{"rendered":"<p><a href=\"https:\/\/photos.app.goo.gl\/ibvPofnLhGYDREoR7\">Assemblea 22-23<\/a><\/p>\n<p>L&#8217;assemblea de delegades i delegats del curs 22-23 s&#8217;ha constitu\u00eft el 29 de setembre de 2022. Delegades i delegats van rebre una carta molt especial amb la convocat\u00f2ria.<\/p>\n<p>En aquesta primera sessi\u00f3 ens presentem totes i tots, establim un pla de treball per a tot el curs i ens fem algunes fotos. D\u00f3na la impressi\u00f3 que aquest curs tenim una GRAN ASSEMBLEA on es respiren molt\u00edssimes ganes de proposar i de treballar. Delegades i delegats estan plens d&#8217;alegria i d&#8217;il\u00b7lusi\u00f3. Som-hi!!! Ana i Mar<\/p>\n","protected":false},"excerpt":{"rendered":"<p><a href=\"https:\/\/photos.app.goo.gl\/ibvPofnLhGYDREoR7\">Assemblea 22-23<\/a><br \/>\nL&#8217;assemblea de delegades i delegats del curs 22-23 s&#8217;ha constitu\u00eft el 29 de setembre de 2022. Delegades i delegats van rebre una carta molt especial amb la convocat\u00f2ria.<br \/>\nEn aquesta primera sessi\u00f3 ens presentem totes i tots, establim un pla de treball per a&hellip;  <a href=\"https:\/\/agora.xtec.cat\/escolacollserolacerdanyola\/portadageneral\/assemblea-22-23\/\" title=\"Read ASSEMBLEA 22-23\">Llegeix m\u00e9s\u00bb<\/a><\/p>\n","protected":false},"author":9,"featured_media":26670,"comment_status":"open","ping_status":"closed","sticky":false,"template":"","format":"standard","meta":{"_bbp_topic_count":0,"_bbp_reply_count":0,"_bbp_total_topic_count":0,"_bbp_total_reply_count":0,"_bbp_voice_count":0,"_bbp_anonymous_reply_count":0,"_bbp_topic_count_hidden":0,"_bbp_reply_count_hidden":0,"_bbp_forum_subforum_count":0,"footnotes":""},"categories":[10,11,12,13,14,15,86,85,1,5],"tags":[],"class_list":["post-26646","post","type-post","status-publish","format-standard","has-post-thumbnail","hentry","category-1r","category-2n","category-3r","category-4t","category-5e","category-6e","category-grans","category-mitjans","category-portadageneral","category-de-1r-a-6e"],"post_mailing_queue_ids":[],"_links":{"self":[{"href":"https:\/\/agora.xtec.cat\/escolacollserolacerdanyola\/wp-json\/wp\/v2\/posts\/26646","targetHints":{"allow":["GET"]}}],"collection":[{"href":"https:\/\/agora.xtec.cat\/escolacollserolacerdanyola\/wp-json\/wp\/v2\/posts"}],"about":[{"href":"https:\/\/agora.xtec.cat\/escolacollserolacerdanyola\/wp-json\/wp\/v2\/types\/post"}],"author":[{"embeddable":true,"href":"https:\/\/agora.xtec.cat\/escolacollserolacerdanyola\/wp-json\/wp\/v2\/users\/9"}],"replies":[{"embeddable":true,"href":"https:\/\/agora.xtec.cat\/escolacollserolacerdanyola\/wp-json\/wp\/v2\/comments?post=26646"}],"version-history":[{"count":2,"href":"https:\/\/agora.xtec.cat\/escolacollserolacerdanyola\/wp-json\/wp\/v2\/posts\/26646\/revisions"}],"predecessor-version":[{"id":26673,"href":"https:\/\/agora.xtec.cat\/escolacollserolacerdanyola\/wp-json\/wp\/v2\/posts\/26646\/revisions\/26673"}],"wp:featuredmedia":[{"embeddable":true,"href":"https:\/\/agora.xtec.cat\/escolacollserolacerdanyola\/wp-json\/wp\/v2\/media\/26670"}],"wp:attachment":[{"href":"https:\/\/agora.xtec.cat\/escolacollserolacerdanyola\/wp-json\/wp\/v2\/media?parent=26646"}],"wp:term":[{"taxonomy":"category","embeddable":true,"href":"https:\/\/agora.xtec.cat\/escolacollserolacerdanyola\/wp-json\/wp\/v2\/categories?post=26646"},{"taxonomy":"post_tag","embeddable":true,"href":"https:\/\/agora.xtec.cat\/escolacollserolacerdanyola\/wp-json\/wp\/v2\/tags?post=26646"}],"curies":[{"name":"wp","href":"https:\/\/api.w.org\/{rel}","templated":true}]}}