{"id":26634,"date":"2023-01-23T10:39:03","date_gmt":"2023-01-23T09:39:03","guid":{"rendered":"https:\/\/agora.xtec.cat\/escolacollserolacerdanyola\/?p=26634"},"modified":"2023-01-23T10:39:03","modified_gmt":"2023-01-23T09:39:03","slug":"curs-22-23-p5comiat-de-la-maria","status":"publish","type":"post","link":"https:\/\/agora.xtec.cat\/escolacollserolacerdanyola\/ei3-ei4-ei5\/curs-22-23-p5comiat-de-la-maria\/","title":{"rendered":"Curs 22-23: P5:Comiat de la Maria."},"content":{"rendered":"<p>Bon d\u00eda fam\u00edlies,<\/p>\n<p>El divendres passat vam acomiadar a la Maria, ja que va acabar les pr\u00e0ctiques de magisteri per ser mestra d&#8217;educaci\u00f3 infantil. Li vam regalar una bossa molt especial amb criatures silencioses i una postal que li vam dedicar.<\/p>\n<p>Moltes gr\u00e0cies Maria! Et recordarem sempre!!<\/p>\n<p>La Maria, conjuntament amb l&#8217;Aina (estudiant pr\u00e0ctiques de P4) ens van remodelar l&#8217;aula de joc simb\u00f2lic deixant un espai molt bonic i divertit. A m\u00e9s a m\u00e9s, ens va regalar el conte del Gr\u00fafal!<\/p>\n<p>T&#8217;ESTIMEM MOLT! FINS AVIAT!<\/p>\n<p>Per veure les fotografies del comiat <a href=\"https:\/\/photos.app.goo.gl\/f1rExWJ1V2z9qxiW9\" target=\"_blank\" rel=\"noopener\">cliqueu aqui<\/a><\/p>\n<p>Per veure les fotos de la sala de Joc simb\u00f2lic <a href=\"https:\/\/photos.app.goo.gl\/PNjQ13gP1RSVgJz79\" target=\"_blank\" rel=\"noopener\">cliqueu aqui<\/a><\/p>\n<p>&nbsp;<\/p>\n<p>&nbsp;<\/p>\n","protected":false},"excerpt":{"rendered":"<p>Bon d\u00eda fam\u00edlies,<br \/>\nEl divendres passat vam acomiadar a la Maria, ja que va acabar les pr\u00e0ctiques de magisteri per ser mestra d&#8217;educaci\u00f3 infantil. Li vam regalar una bossa molt especial amb criatures silencioses i una postal que li vam dedicar.<br \/>\nMoltes gr\u00e0cies Maria! Et recordarem sempre!!<br \/>\nLa&hellip;  <a href=\"https:\/\/agora.xtec.cat\/escolacollserolacerdanyola\/ei3-ei4-ei5\/curs-22-23-p5comiat-de-la-maria\/\" title=\"Read Curs 22-23: P5:Comiat de la Maria.\">Llegeix m\u00e9s\u00bb<\/a><\/p>\n","protected":false},"author":6,"featured_media":0,"comment_status":"open","ping_status":"closed","sticky":false,"template":"","format":"standard","meta":{"_bbp_topic_count":0,"_bbp_reply_count":0,"_bbp_total_topic_count":0,"_bbp_total_reply_count":0,"_bbp_voice_count":0,"_bbp_anonymous_reply_count":0,"_bbp_topic_count_hidden":0,"_bbp_reply_count_hidden":0,"_bbp_forum_subforum_count":0,"footnotes":""},"categories":[2,9],"tags":[],"class_list":["post-26634","post","type-post","status-publish","format-standard","hentry","category-ei3-ei4-ei5","category-ei5"],"post_mailing_queue_ids":[],"_links":{"self":[{"href":"https:\/\/agora.xtec.cat\/escolacollserolacerdanyola\/wp-json\/wp\/v2\/posts\/26634","targetHints":{"allow":["GET"]}}],"collection":[{"href":"https:\/\/agora.xtec.cat\/escolacollserolacerdanyola\/wp-json\/wp\/v2\/posts"}],"about":[{"href":"https:\/\/agora.xtec.cat\/escolacollserolacerdanyola\/wp-json\/wp\/v2\/types\/post"}],"author":[{"embeddable":true,"href":"https:\/\/agora.xtec.cat\/escolacollserolacerdanyola\/wp-json\/wp\/v2\/users\/6"}],"replies":[{"embeddable":true,"href":"https:\/\/agora.xtec.cat\/escolacollserolacerdanyola\/wp-json\/wp\/v2\/comments?post=26634"}],"version-history":[{"count":1,"href":"https:\/\/agora.xtec.cat\/escolacollserolacerdanyola\/wp-json\/wp\/v2\/posts\/26634\/revisions"}],"predecessor-version":[{"id":26635,"href":"https:\/\/agora.xtec.cat\/escolacollserolacerdanyola\/wp-json\/wp\/v2\/posts\/26634\/revisions\/26635"}],"wp:attachment":[{"href":"https:\/\/agora.xtec.cat\/escolacollserolacerdanyola\/wp-json\/wp\/v2\/media?parent=26634"}],"wp:term":[{"taxonomy":"category","embeddable":true,"href":"https:\/\/agora.xtec.cat\/escolacollserolacerdanyola\/wp-json\/wp\/v2\/categories?post=26634"},{"taxonomy":"post_tag","embeddable":true,"href":"https:\/\/agora.xtec.cat\/escolacollserolacerdanyola\/wp-json\/wp\/v2\/tags?post=26634"}],"curies":[{"name":"wp","href":"https:\/\/api.w.org\/{rel}","templated":true}]}}