{"id":26602,"date":"2023-01-04T23:00:03","date_gmt":"2023-01-04T22:00:03","guid":{"rendered":"https:\/\/agora.xtec.cat\/escolacollserolacerdanyola\/?p=26602"},"modified":"2023-05-12T19:02:03","modified_gmt":"2023-05-12T17:02:03","slug":"concert-de-nadal-22-23","status":"publish","type":"post","link":"https:\/\/agora.xtec.cat\/escolacollserolacerdanyola\/portadageneral\/concert-de-nadal-22-23\/","title":{"rendered":"CONCERT DE NADAL 22-23"},"content":{"rendered":"<p>El passat dimarts 20 de desembre tot l&#8217;alumnat de l&#8217;escola Collserola va participar al ja tradicional &#8220;Concert de Nadal&#8221; \ud83c\udf84.<\/p>\n<p>Des dels m\u00e9s petits de p3 fins als m\u00e9s grans de 6\u00e8, vam mostrar a les nostres companyes i companys de l&#8217;escola, les can\u00e7ons que durant el mes de desembre hem estat preparant.\ud83c\udfa4<\/p>\n<p>Esperem que ho gaudiu tant com ho vam gaudir nosaltres!!<\/p>\n<p><a href=\"https:\/\/photos.app.goo.gl\/NqUorWBn4K6gEdJg9\">Concert de Nadal 22-23. CICLE PETITS<\/a><\/p>\n<p><a href=\"https:\/\/photos.app.goo.gl\/CARonc2rBmA3inMPA\">Concert de Nadal 22-23. CICLE MITJANS<\/a><\/p>\n<p><a href=\"https:\/\/photos.app.goo.gl\/mqUK5i39k83cUL9E7\">Cconcert de Nadal 22-23. CICLE GRANS<\/a><\/p>\n","protected":false},"excerpt":{"rendered":"<p>El passat dimarts 20 de desembre tot l&#8217;alumnat de l&#8217;escola Collserola va participar al ja tradicional &#8220;Concert de Nadal&#8221; \ud83c\udf84.<br \/>\nDes dels m\u00e9s petits de p3 fins als m\u00e9s grans de 6\u00e8, vam mostrar a les nostres companyes i companys de l&#8217;escola, les can\u00e7ons que durant&hellip;  <a href=\"https:\/\/agora.xtec.cat\/escolacollserolacerdanyola\/portadageneral\/concert-de-nadal-22-23\/\" title=\"Read CONCERT DE NADAL 22-23\">Llegeix m\u00e9s\u00bb<\/a><\/p>\n","protected":false},"author":9,"featured_media":26621,"comment_status":"open","ping_status":"closed","sticky":false,"template":"","format":"standard","meta":{"_bbp_topic_count":0,"_bbp_reply_count":0,"_bbp_total_topic_count":0,"_bbp_total_reply_count":0,"_bbp_voice_count":0,"_bbp_anonymous_reply_count":0,"_bbp_topic_count_hidden":0,"_bbp_reply_count_hidden":0,"_bbp_forum_subforum_count":0,"footnotes":""},"categories":[10,11,12,13,14,15,265,2,88,3,8,9,267,90,1,5],"tags":[],"class_list":["post-26602","post","type-post","status-publish","format-standard","has-post-thumbnail","hentry","category-1r","category-2n","category-3r","category-4t","category-5e","category-6e","category-angles","category-ei3-ei4-ei5","category-concert","category-ei3","category-ei4","category-ei5","category-musica","category-nadal","category-portadageneral","category-de-1r-a-6e"],"post_mailing_queue_ids":[],"_links":{"self":[{"href":"https:\/\/agora.xtec.cat\/escolacollserolacerdanyola\/wp-json\/wp\/v2\/posts\/26602","targetHints":{"allow":["GET"]}}],"collection":[{"href":"https:\/\/agora.xtec.cat\/escolacollserolacerdanyola\/wp-json\/wp\/v2\/posts"}],"about":[{"href":"https:\/\/agora.xtec.cat\/escolacollserolacerdanyola\/wp-json\/wp\/v2\/types\/post"}],"author":[{"embeddable":true,"href":"https:\/\/agora.xtec.cat\/escolacollserolacerdanyola\/wp-json\/wp\/v2\/users\/9"}],"replies":[{"embeddable":true,"href":"https:\/\/agora.xtec.cat\/escolacollserolacerdanyola\/wp-json\/wp\/v2\/comments?post=26602"}],"version-history":[{"count":3,"href":"https:\/\/agora.xtec.cat\/escolacollserolacerdanyola\/wp-json\/wp\/v2\/posts\/26602\/revisions"}],"predecessor-version":[{"id":27473,"href":"https:\/\/agora.xtec.cat\/escolacollserolacerdanyola\/wp-json\/wp\/v2\/posts\/26602\/revisions\/27473"}],"wp:featuredmedia":[{"embeddable":true,"href":"https:\/\/agora.xtec.cat\/escolacollserolacerdanyola\/wp-json\/wp\/v2\/media\/26621"}],"wp:attachment":[{"href":"https:\/\/agora.xtec.cat\/escolacollserolacerdanyola\/wp-json\/wp\/v2\/media?parent=26602"}],"wp:term":[{"taxonomy":"category","embeddable":true,"href":"https:\/\/agora.xtec.cat\/escolacollserolacerdanyola\/wp-json\/wp\/v2\/categories?post=26602"},{"taxonomy":"post_tag","embeddable":true,"href":"https:\/\/agora.xtec.cat\/escolacollserolacerdanyola\/wp-json\/wp\/v2\/tags?post=26602"}],"curies":[{"name":"wp","href":"https:\/\/api.w.org\/{rel}","templated":true}]}}