{"id":26427,"date":"2022-12-23T16:55:05","date_gmt":"2022-12-23T15:55:05","guid":{"rendered":"https:\/\/agora.xtec.cat\/escolacollserolacerdanyola\/?p=26427"},"modified":"2022-12-23T16:55:05","modified_gmt":"2022-12-23T15:55:05","slug":"5e-nadal22","status":"publish","type":"post","link":"https:\/\/agora.xtec.cat\/escolacollserolacerdanyola\/de-1r-a-6e\/5e\/5e-nadal22\/","title":{"rendered":"5\u00e8 Nadal&#8217;22"},"content":{"rendered":"<p>Durant tot el mes de desembre a l&#8217;escola hem fet un seguit d&#8217;activitats diferents per preparar-nos per l&#8217;arribada del Nadal.<\/p>\n<p>El mes va comen\u00e7ar amb el calendari d&#8217;advent \ud83d\uddd3\ud83c\udf84, que vam elaborar entre totes i tots amb els nostres gorros \ud83c\udf85 i mitjons nadalencs i on cada dia ens trob\u00e0vem amb una &#8220;ordre&#8221; que hav\u00edem de seguir. Aquest any les ordres an\u00e0ven encaminades a crear un bon clima a l&#8217;escola: fer abra\u00e7ades, dir paraules boniques als companys, somriure molt&#8230;<\/p>\n<p>Durant l&#8217;ultima setmana hem fet el Got Talent \ud83d\udc6f\ud83d\udc83\ud83c\udfa4\ud83c\udccf , on hem compartit una estona amb les companyes i els companys de 4t, hem celebrat el concert de Nadal amb tota l&#8217;escola, hem fet un torneig de futbol \u26bd\u00a0i una estona de jocs de taula amb la resta del cicle i per \u00faltim hem fet l&#8217;amic invisible \ud83c\udf81 i un esmorzar nadalenc molt delici\u00f3s!\ud83d\ude0b<\/p>\n<p>Ha estat com sempre mes molt especial!!\ud83c\udf84\ud83c\udf85<\/p>\n<p><a href=\"https:\/\/photos.app.goo.gl\/ixwe4JBeJsrNwWoi6\">5\u00e8 Got talent<\/a><\/p>\n<p><a href=\"https:\/\/photos.app.goo.gl\/ixwe4JBeJsrNwWoi6\">5\u00e8 Nadal&#8217;22<\/a><\/p>\n<p>&nbsp;<\/p>\n","protected":false},"excerpt":{"rendered":"<p>Durant tot el mes de desembre a l&#8217;escola hem fet un seguit d&#8217;activitats diferents per preparar-nos per l&#8217;arribada del Nadal.<br \/>\nEl mes va comen\u00e7ar amb el calendari d&#8217;advent \ud83d\uddd3\ud83c\udf84, que vam elaborar entre totes i tots amb els nostres gorros \ud83c\udf85 i mitjons nadalencs i on&hellip;  <a href=\"https:\/\/agora.xtec.cat\/escolacollserolacerdanyola\/de-1r-a-6e\/5e\/5e-nadal22\/\" title=\"Read 5\u00e8 Nadal&#8217;22\">Llegeix m\u00e9s\u00bb<\/a><\/p>\n","protected":false},"author":9,"featured_media":26428,"comment_status":"open","ping_status":"closed","sticky":false,"template":"","format":"standard","meta":{"_bbp_topic_count":0,"_bbp_reply_count":0,"_bbp_total_topic_count":0,"_bbp_total_reply_count":0,"_bbp_voice_count":0,"_bbp_anonymous_reply_count":0,"_bbp_topic_count_hidden":0,"_bbp_reply_count_hidden":0,"_bbp_forum_subforum_count":0,"footnotes":""},"categories":[14,90],"tags":[],"class_list":["post-26427","post","type-post","status-publish","format-standard","has-post-thumbnail","hentry","category-5e","category-nadal"],"post_mailing_queue_ids":[],"_links":{"self":[{"href":"https:\/\/agora.xtec.cat\/escolacollserolacerdanyola\/wp-json\/wp\/v2\/posts\/26427","targetHints":{"allow":["GET"]}}],"collection":[{"href":"https:\/\/agora.xtec.cat\/escolacollserolacerdanyola\/wp-json\/wp\/v2\/posts"}],"about":[{"href":"https:\/\/agora.xtec.cat\/escolacollserolacerdanyola\/wp-json\/wp\/v2\/types\/post"}],"author":[{"embeddable":true,"href":"https:\/\/agora.xtec.cat\/escolacollserolacerdanyola\/wp-json\/wp\/v2\/users\/9"}],"replies":[{"embeddable":true,"href":"https:\/\/agora.xtec.cat\/escolacollserolacerdanyola\/wp-json\/wp\/v2\/comments?post=26427"}],"version-history":[{"count":1,"href":"https:\/\/agora.xtec.cat\/escolacollserolacerdanyola\/wp-json\/wp\/v2\/posts\/26427\/revisions"}],"predecessor-version":[{"id":26429,"href":"https:\/\/agora.xtec.cat\/escolacollserolacerdanyola\/wp-json\/wp\/v2\/posts\/26427\/revisions\/26429"}],"wp:featuredmedia":[{"embeddable":true,"href":"https:\/\/agora.xtec.cat\/escolacollserolacerdanyola\/wp-json\/wp\/v2\/media\/26428"}],"wp:attachment":[{"href":"https:\/\/agora.xtec.cat\/escolacollserolacerdanyola\/wp-json\/wp\/v2\/media?parent=26427"}],"wp:term":[{"taxonomy":"category","embeddable":true,"href":"https:\/\/agora.xtec.cat\/escolacollserolacerdanyola\/wp-json\/wp\/v2\/categories?post=26427"},{"taxonomy":"post_tag","embeddable":true,"href":"https:\/\/agora.xtec.cat\/escolacollserolacerdanyola\/wp-json\/wp\/v2\/tags?post=26427"}],"curies":[{"name":"wp","href":"https:\/\/api.w.org\/{rel}","templated":true}]}}