{"id":26335,"date":"2022-12-23T07:28:03","date_gmt":"2022-12-23T06:28:03","guid":{"rendered":"https:\/\/agora.xtec.cat\/escolacollserolacerdanyola\/?p=26335"},"modified":"2022-12-23T07:28:03","modified_gmt":"2022-12-23T06:28:03","slug":"6e-sestrena-amb-innovamat","status":"publish","type":"post","link":"https:\/\/agora.xtec.cat\/escolacollserolacerdanyola\/portadageneral\/6e-sestrena-amb-innovamat\/","title":{"rendered":"6\u00e8 s&#8217;estrena amb Innovamat"},"content":{"rendered":"<p>Aquest curs l&#8217;escola ha apostat per un m\u00e8tode matem\u00e0tic anomenat <strong>Innovamat,<\/strong> que es treballa en tres nivells:<\/p>\n<p>EXPERIMENTACI\u00d3<\/p>\n<p>On es construeix coneixement a trav\u00e9s de la manipulaci\u00f3 i exploraci\u00f3 de diferents materials.<\/p>\n<p>CONVERSA<\/p>\n<p>On es troben diferents camins per resoldre preguntes interessants a trav\u00e9s de la col\u00b7laboraci\u00f3 i la conversa.<\/p>\n<p>PR\u00c0CTICA<\/p>\n<p>Es desenvolupen\u00a0estrat\u00e8gies treballant en un context significatiu.<\/p>\n<p>&nbsp;<\/p>\n<p>Estem aprenent molt, i tamb\u00e9 que no hi ha una \u00fanica manera de fer les coses, i que el que importa \u00e9s entendre all\u00f2 que fas.<\/p>\n<p>&nbsp;<\/p>\n<p>Aqu\u00ed part del proc\u00e9s:<\/p>\n<p><a href=\"https:\/\/photos.app.goo.gl\/1Ef9jeFqgVrtSxJ48\">Innovamat<\/a><\/p>\n<p>&nbsp;<\/p>\n","protected":false},"excerpt":{"rendered":"<p>Aquest curs l&#8217;escola ha apostat per un m\u00e8tode matem\u00e0tic anomenat Innovamat, que es treballa en tres nivells:<br \/>\nEXPERIMENTACI\u00d3<br \/>\nOn es construeix coneixement a trav\u00e9s de la manipulaci\u00f3 i exploraci\u00f3 de diferents materials.<br \/>\nCONVERSA<br \/>\nOn es troben diferents camins per resoldre preguntes interessants a trav\u00e9s de la col\u00b7laboraci\u00f3 i la&hellip;  <a href=\"https:\/\/agora.xtec.cat\/escolacollserolacerdanyola\/portadageneral\/6e-sestrena-amb-innovamat\/\" title=\"Read 6\u00e8 s&#8217;estrena amb Innovamat\">Llegeix m\u00e9s\u00bb<\/a><\/p>\n","protected":false},"author":9,"featured_media":26410,"comment_status":"open","ping_status":"closed","sticky":false,"template":"","format":"standard","meta":{"_bbp_topic_count":0,"_bbp_reply_count":0,"_bbp_total_topic_count":0,"_bbp_total_reply_count":0,"_bbp_voice_count":0,"_bbp_anonymous_reply_count":0,"_bbp_topic_count_hidden":0,"_bbp_reply_count_hidden":0,"_bbp_forum_subforum_count":0,"footnotes":""},"categories":[15,86,1,4,5],"tags":[],"class_list":["post-26335","post","type-post","status-publish","format-standard","has-post-thumbnail","hentry","category-6e","category-grans","category-portadageneral","category-portada","category-de-1r-a-6e"],"post_mailing_queue_ids":[],"_links":{"self":[{"href":"https:\/\/agora.xtec.cat\/escolacollserolacerdanyola\/wp-json\/wp\/v2\/posts\/26335","targetHints":{"allow":["GET"]}}],"collection":[{"href":"https:\/\/agora.xtec.cat\/escolacollserolacerdanyola\/wp-json\/wp\/v2\/posts"}],"about":[{"href":"https:\/\/agora.xtec.cat\/escolacollserolacerdanyola\/wp-json\/wp\/v2\/types\/post"}],"author":[{"embeddable":true,"href":"https:\/\/agora.xtec.cat\/escolacollserolacerdanyola\/wp-json\/wp\/v2\/users\/9"}],"replies":[{"embeddable":true,"href":"https:\/\/agora.xtec.cat\/escolacollserolacerdanyola\/wp-json\/wp\/v2\/comments?post=26335"}],"version-history":[{"count":2,"href":"https:\/\/agora.xtec.cat\/escolacollserolacerdanyola\/wp-json\/wp\/v2\/posts\/26335\/revisions"}],"predecessor-version":[{"id":26411,"href":"https:\/\/agora.xtec.cat\/escolacollserolacerdanyola\/wp-json\/wp\/v2\/posts\/26335\/revisions\/26411"}],"wp:featuredmedia":[{"embeddable":true,"href":"https:\/\/agora.xtec.cat\/escolacollserolacerdanyola\/wp-json\/wp\/v2\/media\/26410"}],"wp:attachment":[{"href":"https:\/\/agora.xtec.cat\/escolacollserolacerdanyola\/wp-json\/wp\/v2\/media?parent=26335"}],"wp:term":[{"taxonomy":"category","embeddable":true,"href":"https:\/\/agora.xtec.cat\/escolacollserolacerdanyola\/wp-json\/wp\/v2\/categories?post=26335"},{"taxonomy":"post_tag","embeddable":true,"href":"https:\/\/agora.xtec.cat\/escolacollserolacerdanyola\/wp-json\/wp\/v2\/tags?post=26335"}],"curies":[{"name":"wp","href":"https:\/\/api.w.org\/{rel}","templated":true}]}}