{"id":26332,"date":"2022-12-12T23:17:25","date_gmt":"2022-12-12T22:17:25","guid":{"rendered":"https:\/\/agora.xtec.cat\/escolacollserolacerdanyola\/?p=26332"},"modified":"2022-12-12T23:17:25","modified_gmt":"2022-12-12T22:17:25","slug":"sise-va-a-laulos","status":"publish","type":"post","link":"https:\/\/agora.xtec.cat\/escolacollserolacerdanyola\/portadageneral\/sise-va-a-laulos\/","title":{"rendered":"Sis\u00e8 va a l&#8217;Aulos"},"content":{"rendered":"<p>El dilluns 12 de desembre vam anar a fer un taller de m\u00fasica a l&#8217;Escola Municipal de M\u00fasica Aulos. Vam escoltar una pe\u00e7a de blues, ens vam dividir en tres grups, dos de piano i un de guitarra, i vam practicar per separat una part del tema. Al cap d&#8217;una mitja hora, ens vam retrobar tots i totes a l&#8217;auditori per tocar com un grup. \u00c9s sorprenent el que es pot fer en poc temps, i sense saber-ne gaire!<\/p>\n<p>La m\u00fasica \u00e9s per a tothom, per gaudir-la i per deixar-se portar per la seva m\u00e0gia, i no hi ha edat per aprendre&#8217;n! sempre estem a temps!<\/p>\n<p>&nbsp;<\/p>\n<p>Aqu\u00ed unes imatges i v\u00eddeos de com ha anat:<\/p>\n<p><a href=\"https:\/\/photos.app.goo.gl\/rfUmntkHbEJ2foVB8\">Taller Aulos<\/a><\/p>\n","protected":false},"excerpt":{"rendered":"<p>El dilluns 12 de desembre vam anar a fer un taller de m\u00fasica a l&#8217;Escola Municipal de M\u00fasica Aulos. Vam escoltar una pe\u00e7a de blues, ens vam dividir en tres grups, dos de piano i un de guitarra, i vam practicar per separat una part&hellip;  <a href=\"https:\/\/agora.xtec.cat\/escolacollserolacerdanyola\/portadageneral\/sise-va-a-laulos\/\" title=\"Read Sis\u00e8 va a l&#8217;Aulos\">Llegeix m\u00e9s\u00bb<\/a><\/p>\n","protected":false},"author":9,"featured_media":26333,"comment_status":"open","ping_status":"closed","sticky":false,"template":"","format":"standard","meta":{"_bbp_topic_count":0,"_bbp_reply_count":0,"_bbp_total_topic_count":0,"_bbp_total_reply_count":0,"_bbp_voice_count":0,"_bbp_anonymous_reply_count":0,"_bbp_topic_count_hidden":0,"_bbp_reply_count_hidden":0,"_bbp_forum_subforum_count":0,"footnotes":""},"categories":[15,86,267,1,5,93],"tags":[],"class_list":["post-26332","post","type-post","status-publish","format-standard","has-post-thumbnail","hentry","category-6e","category-grans","category-musica","category-portadageneral","category-de-1r-a-6e","category-sortides"],"post_mailing_queue_ids":[],"_links":{"self":[{"href":"https:\/\/agora.xtec.cat\/escolacollserolacerdanyola\/wp-json\/wp\/v2\/posts\/26332","targetHints":{"allow":["GET"]}}],"collection":[{"href":"https:\/\/agora.xtec.cat\/escolacollserolacerdanyola\/wp-json\/wp\/v2\/posts"}],"about":[{"href":"https:\/\/agora.xtec.cat\/escolacollserolacerdanyola\/wp-json\/wp\/v2\/types\/post"}],"author":[{"embeddable":true,"href":"https:\/\/agora.xtec.cat\/escolacollserolacerdanyola\/wp-json\/wp\/v2\/users\/9"}],"replies":[{"embeddable":true,"href":"https:\/\/agora.xtec.cat\/escolacollserolacerdanyola\/wp-json\/wp\/v2\/comments?post=26332"}],"version-history":[{"count":1,"href":"https:\/\/agora.xtec.cat\/escolacollserolacerdanyola\/wp-json\/wp\/v2\/posts\/26332\/revisions"}],"predecessor-version":[{"id":26334,"href":"https:\/\/agora.xtec.cat\/escolacollserolacerdanyola\/wp-json\/wp\/v2\/posts\/26332\/revisions\/26334"}],"wp:featuredmedia":[{"embeddable":true,"href":"https:\/\/agora.xtec.cat\/escolacollserolacerdanyola\/wp-json\/wp\/v2\/media\/26333"}],"wp:attachment":[{"href":"https:\/\/agora.xtec.cat\/escolacollserolacerdanyola\/wp-json\/wp\/v2\/media?parent=26332"}],"wp:term":[{"taxonomy":"category","embeddable":true,"href":"https:\/\/agora.xtec.cat\/escolacollserolacerdanyola\/wp-json\/wp\/v2\/categories?post=26332"},{"taxonomy":"post_tag","embeddable":true,"href":"https:\/\/agora.xtec.cat\/escolacollserolacerdanyola\/wp-json\/wp\/v2\/tags?post=26332"}],"curies":[{"name":"wp","href":"https:\/\/api.w.org\/{rel}","templated":true}]}}