{"id":26324,"date":"2022-12-06T20:48:32","date_gmt":"2022-12-06T19:48:32","guid":{"rendered":"https:\/\/agora.xtec.cat\/escolacollserolacerdanyola\/?p=26324"},"modified":"2022-12-06T20:50:05","modified_gmt":"2022-12-06T19:50:05","slug":"p4-p5-taller-dexpressio-corporal-i-musical","status":"publish","type":"post","link":"https:\/\/agora.xtec.cat\/escolacollserolacerdanyola\/ei3-ei4-ei5\/ei4\/p4-p5-taller-dexpressio-corporal-i-musical\/","title":{"rendered":"Curs 2022-23 P4-P5 TALLER D&#8217;EXPRESSI\u00d3 CORPORAL I MUSICAL"},"content":{"rendered":"<p>Benvolgudes fam\u00edlies!<\/p>\n<p style=\"text-align: center\">La tarda del divendres en el taller d&#8217;expressi\u00f3 corporal i musical dels nens i les nenes de P4 i P5, hem realitzat diferents jocs amb m\u00fasica, per tal d&#8217;anar coneixent el nostre cos i les possibilitats de moviment que aquest ens ofereix. En aquest trimestre hem realitzat jocs com ara el joc de l&#8217;estop i un cop parem hem de saludar a un company \/a amb el cos; hem ballat la can\u00e7\u00f3 &#8220;si tu et vols divertir..&#8221;; Jocs d&#8217;imitaci\u00f3 com el joc del mirall, imitar postures o balls d&#8217;altres infants companys\/es.<\/p>\n<p>\u00a0 \u00a0 \u00a0 \u00a0 \u00a0 \u00a0 \u00a0 \u00a0 \u00a0 \u00a0 \u00a0 \u00a0 \u00a0 \u00a0 \u00a0 \u00a0 \u00a0 \u00a0 \u00a0 \u00a0 \u00a0 \u00a0 \u00a0 \u00a0 \u00a0 \u00a0 \u00a0 \u00a0 \u00a0 \u00a0 \u00a0 \u00a0 \u00a0 \u00a0 \u00a0 \u00a0 \u00a0 \u00a0 \u00a0 \u00a0 \u00a0 \u00a0 \u00a0 \u00a0 \u00a0 \u00a0 \u00a0 \u00a0 \u00a0 \u00a0 \u00a0 \u00a0 \u00a0 \u00a0 \u00a0 \u00a0 \u00a0 \u00a0 \u00a0 \u00a0 \u00a0 \u00a0 \u00a0 \u00a0 \u00a0 Clica a la foto i veur\u00e0s<\/p>\n<p><a href=\"https:\/\/photos.app.goo.gl\/ffAju8xoETsHpWrm9\"><img loading=\"lazy\" decoding=\"async\" class=\"size-medium wp-image-26326 aligncenter\" src=\"https:\/\/agora.xtec.cat\/escolacollserolacerdanyola\/wp-content\/uploads\/usu1390\/2022\/12\/imatge-expressio-musical-1-300x298.jpg\" alt=\"\" width=\"300\" height=\"298\" srcset=\"https:\/\/agora.xtec.cat\/escolacollserolacerdanyola\/wp-content\/uploads\/usu1390\/2022\/12\/imatge-expressio-musical-1-300x298.jpg 300w, https:\/\/agora.xtec.cat\/escolacollserolacerdanyola\/wp-content\/uploads\/usu1390\/2022\/12\/imatge-expressio-musical-1-1024x1018.jpg 1024w, https:\/\/agora.xtec.cat\/escolacollserolacerdanyola\/wp-content\/uploads\/usu1390\/2022\/12\/imatge-expressio-musical-1-150x150.jpg 150w, https:\/\/agora.xtec.cat\/escolacollserolacerdanyola\/wp-content\/uploads\/usu1390\/2022\/12\/imatge-expressio-musical-1-768x763.jpg 768w, https:\/\/agora.xtec.cat\/escolacollserolacerdanyola\/wp-content\/uploads\/usu1390\/2022\/12\/imatge-expressio-musical-1.jpg 1287w\" sizes=\"auto, (max-width: 300px) 100vw, 300px\" \/><\/a><\/p>\n<p>&nbsp;<\/p>\n","protected":false},"excerpt":{"rendered":"<p>Benvolgudes fam\u00edlies!<br \/>\nLa tarda del divendres en el taller d&#8217;expressi\u00f3 corporal i musical dels nens i les nenes de P4 i P5, hem realitzat diferents jocs amb m\u00fasica, per tal d&#8217;anar coneixent el nostre cos i les possibilitats de moviment que aquest ens ofereix. En aquest&hellip;  <a href=\"https:\/\/agora.xtec.cat\/escolacollserolacerdanyola\/ei3-ei4-ei5\/ei4\/p4-p5-taller-dexpressio-corporal-i-musical\/\" title=\"Read Curs 2022-23 P4-P5 TALLER D&#8217;EXPRESSI\u00d3 CORPORAL I MUSICAL\">Llegeix m\u00e9s\u00bb<\/a><\/p>\n","protected":false},"author":6,"featured_media":26326,"comment_status":"open","ping_status":"closed","sticky":false,"template":"","format":"standard","meta":{"_bbp_topic_count":0,"_bbp_reply_count":0,"_bbp_total_topic_count":0,"_bbp_total_reply_count":0,"_bbp_voice_count":0,"_bbp_anonymous_reply_count":0,"_bbp_topic_count_hidden":0,"_bbp_reply_count_hidden":0,"_bbp_forum_subforum_count":0,"footnotes":""},"categories":[8,9],"tags":[],"class_list":["post-26324","post","type-post","status-publish","format-standard","has-post-thumbnail","hentry","category-ei4","category-ei5"],"post_mailing_queue_ids":[],"_links":{"self":[{"href":"https:\/\/agora.xtec.cat\/escolacollserolacerdanyola\/wp-json\/wp\/v2\/posts\/26324","targetHints":{"allow":["GET"]}}],"collection":[{"href":"https:\/\/agora.xtec.cat\/escolacollserolacerdanyola\/wp-json\/wp\/v2\/posts"}],"about":[{"href":"https:\/\/agora.xtec.cat\/escolacollserolacerdanyola\/wp-json\/wp\/v2\/types\/post"}],"author":[{"embeddable":true,"href":"https:\/\/agora.xtec.cat\/escolacollserolacerdanyola\/wp-json\/wp\/v2\/users\/6"}],"replies":[{"embeddable":true,"href":"https:\/\/agora.xtec.cat\/escolacollserolacerdanyola\/wp-json\/wp\/v2\/comments?post=26324"}],"version-history":[{"count":3,"href":"https:\/\/agora.xtec.cat\/escolacollserolacerdanyola\/wp-json\/wp\/v2\/posts\/26324\/revisions"}],"predecessor-version":[{"id":26331,"href":"https:\/\/agora.xtec.cat\/escolacollserolacerdanyola\/wp-json\/wp\/v2\/posts\/26324\/revisions\/26331"}],"wp:featuredmedia":[{"embeddable":true,"href":"https:\/\/agora.xtec.cat\/escolacollserolacerdanyola\/wp-json\/wp\/v2\/media\/26326"}],"wp:attachment":[{"href":"https:\/\/agora.xtec.cat\/escolacollserolacerdanyola\/wp-json\/wp\/v2\/media?parent=26324"}],"wp:term":[{"taxonomy":"category","embeddable":true,"href":"https:\/\/agora.xtec.cat\/escolacollserolacerdanyola\/wp-json\/wp\/v2\/categories?post=26324"},{"taxonomy":"post_tag","embeddable":true,"href":"https:\/\/agora.xtec.cat\/escolacollserolacerdanyola\/wp-json\/wp\/v2\/tags?post=26324"}],"curies":[{"name":"wp","href":"https:\/\/api.w.org\/{rel}","templated":true}]}}