{"id":26321,"date":"2022-12-06T19:55:11","date_gmt":"2022-12-06T18:55:11","guid":{"rendered":"https:\/\/agora.xtec.cat\/escolacollserolacerdanyola\/?p=26321"},"modified":"2022-12-06T19:55:11","modified_gmt":"2022-12-06T18:55:11","slug":"p4-curs-22-23-lhort","status":"publish","type":"post","link":"https:\/\/agora.xtec.cat\/escolacollserolacerdanyola\/ei3-ei4-ei5\/ei4\/p4-curs-22-23-lhort\/","title":{"rendered":"P4 CURS 22-23 L&#8217;HORT"},"content":{"rendered":"<p style=\"text-align: center\">La classe dels l&#8217;Unicorns aquest trimestre vam comen\u00e7ar les tasques de l&#8217;hort tot netejant-lo d&#8217;herbes i fulles,\u00a0 abonant la terra per a poder plantar i cuidar-lo molt tot regant-lo.<\/p>\n<p style=\"text-align: center\">Vam plantar llavors de faves, que aviat van comen\u00e7ar a sortir,ara a esperar que surti el fruit. Tamb\u00e9 tenim altres verdures plantades a l&#8217;hort, com p\u00e8sols, seves, remolatxa\u00a0 i escarola.<\/p>\n<p style=\"text-align: center\">\u00a0 \u00a0 \u00a0 \u00a0 \u00a0 \u00a0 \u00a0 \u00a0 \u00a0 \u00a0 \u00a0 \u00a0 \u00a0 \u00a0 \u00a0Tamb\u00e9, vam plantar esqueixos de plantes a les jardineres del pati per a que ens quedi molt bonic.<\/p>\n<p style=\"text-align: center\">cliqueu a la foto i gaudiu-ne<\/p>\n<p style=\"text-align: center\"><a href=\"https:\/\/photos.app.goo.gl\/83yLXaQfmtu8TXPh7\"><img loading=\"lazy\" decoding=\"async\" class=\"alignnone size-medium wp-image-26322\" src=\"https:\/\/agora.xtec.cat\/escolacollserolacerdanyola\/wp-content\/uploads\/usu1390\/2022\/12\/per-portada-300x186.jpg\" alt=\"\" width=\"300\" height=\"186\" srcset=\"https:\/\/agora.xtec.cat\/escolacollserolacerdanyola\/wp-content\/uploads\/usu1390\/2022\/12\/per-portada-300x186.jpg 300w, https:\/\/agora.xtec.cat\/escolacollserolacerdanyola\/wp-content\/uploads\/usu1390\/2022\/12\/per-portada-768x477.jpg 768w, https:\/\/agora.xtec.cat\/escolacollserolacerdanyola\/wp-content\/uploads\/usu1390\/2022\/12\/per-portada.jpg 906w\" sizes=\"auto, (max-width: 300px) 100vw, 300px\" \/><\/a><\/p>\n<p style=\"text-align: center\">\n","protected":false},"excerpt":{"rendered":"<p>La classe dels l&#8217;Unicorns aquest trimestre vam comen\u00e7ar les tasques de l&#8217;hort tot netejant-lo d&#8217;herbes i fulles,\u00a0 abonant la terra per a poder plantar i cuidar-lo molt tot regant-lo.<br \/>\nVam plantar llavors de faves, que aviat van comen\u00e7ar a sortir,ara a esperar que surti el fruit.&hellip;  <a href=\"https:\/\/agora.xtec.cat\/escolacollserolacerdanyola\/ei3-ei4-ei5\/ei4\/p4-curs-22-23-lhort\/\" title=\"Read P4 CURS 22-23 L&#8217;HORT\">Llegeix m\u00e9s\u00bb<\/a><\/p>\n","protected":false},"author":6,"featured_media":26322,"comment_status":"open","ping_status":"closed","sticky":false,"template":"","format":"standard","meta":{"_bbp_topic_count":0,"_bbp_reply_count":0,"_bbp_total_topic_count":0,"_bbp_total_reply_count":0,"_bbp_voice_count":0,"_bbp_anonymous_reply_count":0,"_bbp_topic_count_hidden":0,"_bbp_reply_count_hidden":0,"_bbp_forum_subforum_count":0,"footnotes":""},"categories":[8],"tags":[],"class_list":["post-26321","post","type-post","status-publish","format-standard","has-post-thumbnail","hentry","category-ei4"],"post_mailing_queue_ids":[],"_links":{"self":[{"href":"https:\/\/agora.xtec.cat\/escolacollserolacerdanyola\/wp-json\/wp\/v2\/posts\/26321","targetHints":{"allow":["GET"]}}],"collection":[{"href":"https:\/\/agora.xtec.cat\/escolacollserolacerdanyola\/wp-json\/wp\/v2\/posts"}],"about":[{"href":"https:\/\/agora.xtec.cat\/escolacollserolacerdanyola\/wp-json\/wp\/v2\/types\/post"}],"author":[{"embeddable":true,"href":"https:\/\/agora.xtec.cat\/escolacollserolacerdanyola\/wp-json\/wp\/v2\/users\/6"}],"replies":[{"embeddable":true,"href":"https:\/\/agora.xtec.cat\/escolacollserolacerdanyola\/wp-json\/wp\/v2\/comments?post=26321"}],"version-history":[{"count":1,"href":"https:\/\/agora.xtec.cat\/escolacollserolacerdanyola\/wp-json\/wp\/v2\/posts\/26321\/revisions"}],"predecessor-version":[{"id":26323,"href":"https:\/\/agora.xtec.cat\/escolacollserolacerdanyola\/wp-json\/wp\/v2\/posts\/26321\/revisions\/26323"}],"wp:featuredmedia":[{"embeddable":true,"href":"https:\/\/agora.xtec.cat\/escolacollserolacerdanyola\/wp-json\/wp\/v2\/media\/26322"}],"wp:attachment":[{"href":"https:\/\/agora.xtec.cat\/escolacollserolacerdanyola\/wp-json\/wp\/v2\/media?parent=26321"}],"wp:term":[{"taxonomy":"category","embeddable":true,"href":"https:\/\/agora.xtec.cat\/escolacollserolacerdanyola\/wp-json\/wp\/v2\/categories?post=26321"},{"taxonomy":"post_tag","embeddable":true,"href":"https:\/\/agora.xtec.cat\/escolacollserolacerdanyola\/wp-json\/wp\/v2\/tags?post=26321"}],"curies":[{"name":"wp","href":"https:\/\/api.w.org\/{rel}","templated":true}]}}