{"id":26271,"date":"2022-11-21T13:58:26","date_gmt":"2022-11-21T12:58:26","guid":{"rendered":"https:\/\/agora.xtec.cat\/escolacollserolacerdanyola\/?p=26271"},"modified":"2022-11-21T14:03:30","modified_gmt":"2022-11-21T13:03:30","slug":"el-cargol-i-lherba-de-poliol","status":"publish","type":"post","link":"https:\/\/agora.xtec.cat\/escolacollserolacerdanyola\/ei3-ei4-ei5\/el-cargol-i-lherba-de-poliol\/","title":{"rendered":"El cargol i l&#8217;herba de poliol"},"content":{"rendered":"<p>Les nenes i els nens de 5\u00e8, portem un temps preparant i assajant una petita obra de teatre per representar-la als cursos de p3, p4 i p5. L&#8217;obra \u00e9s &#8220;El cargol i l&#8217;herba de poliol&#8221; \ud83d\udc0c\ud83c\udf31, un conte molt conegut\u00a0 al cicle dels petits, on apareixen molts animals que ajuden a un cargol a arrencar una herba de poliol per curar-se un mal de panxa.<\/p>\n<p>Ens ha fet molta il\u00b7lusi\u00f3 representar l&#8217;obra als m\u00e9s petits i compartir una estona tots plegats! S\u00f3n tant petitons i agra\u00efts \ud83d\ude0d<\/p>\n<p><a href=\"https:\/\/photos.app.goo.gl\/qczqy4sTwsdx2Mv29\">El cargol i l&#8217;herba de poliol<\/a><\/p>\n","protected":false},"excerpt":{"rendered":"<p>Les nenes i els nens de 5\u00e8, portem un temps preparant i assajant una petita obra de teatre per representar-la als cursos de p3, p4 i p5. L&#8217;obra \u00e9s &#8220;El cargol i l&#8217;herba de poliol&#8221; \ud83d\udc0c\ud83c\udf31, un conte molt conegut\u00a0 al cicle dels petits, on&hellip;  <a href=\"https:\/\/agora.xtec.cat\/escolacollserolacerdanyola\/ei3-ei4-ei5\/el-cargol-i-lherba-de-poliol\/\" title=\"Read El cargol i l&#8217;herba de poliol\">Llegeix m\u00e9s\u00bb<\/a><\/p>\n","protected":false},"author":9,"featured_media":26273,"comment_status":"open","ping_status":"closed","sticky":false,"template":"","format":"standard","meta":{"_bbp_topic_count":0,"_bbp_reply_count":0,"_bbp_total_topic_count":0,"_bbp_total_reply_count":0,"_bbp_voice_count":0,"_bbp_anonymous_reply_count":0,"_bbp_topic_count_hidden":0,"_bbp_reply_count_hidden":0,"_bbp_forum_subforum_count":0,"footnotes":""},"categories":[14,2,3,8,9],"tags":[],"class_list":["post-26271","post","type-post","status-publish","format-standard","has-post-thumbnail","hentry","category-5e","category-ei3-ei4-ei5","category-ei3","category-ei4","category-ei5"],"post_mailing_queue_ids":[],"_links":{"self":[{"href":"https:\/\/agora.xtec.cat\/escolacollserolacerdanyola\/wp-json\/wp\/v2\/posts\/26271","targetHints":{"allow":["GET"]}}],"collection":[{"href":"https:\/\/agora.xtec.cat\/escolacollserolacerdanyola\/wp-json\/wp\/v2\/posts"}],"about":[{"href":"https:\/\/agora.xtec.cat\/escolacollserolacerdanyola\/wp-json\/wp\/v2\/types\/post"}],"author":[{"embeddable":true,"href":"https:\/\/agora.xtec.cat\/escolacollserolacerdanyola\/wp-json\/wp\/v2\/users\/9"}],"replies":[{"embeddable":true,"href":"https:\/\/agora.xtec.cat\/escolacollserolacerdanyola\/wp-json\/wp\/v2\/comments?post=26271"}],"version-history":[{"count":2,"href":"https:\/\/agora.xtec.cat\/escolacollserolacerdanyola\/wp-json\/wp\/v2\/posts\/26271\/revisions"}],"predecessor-version":[{"id":26274,"href":"https:\/\/agora.xtec.cat\/escolacollserolacerdanyola\/wp-json\/wp\/v2\/posts\/26271\/revisions\/26274"}],"wp:featuredmedia":[{"embeddable":true,"href":"https:\/\/agora.xtec.cat\/escolacollserolacerdanyola\/wp-json\/wp\/v2\/media\/26273"}],"wp:attachment":[{"href":"https:\/\/agora.xtec.cat\/escolacollserolacerdanyola\/wp-json\/wp\/v2\/media?parent=26271"}],"wp:term":[{"taxonomy":"category","embeddable":true,"href":"https:\/\/agora.xtec.cat\/escolacollserolacerdanyola\/wp-json\/wp\/v2\/categories?post=26271"},{"taxonomy":"post_tag","embeddable":true,"href":"https:\/\/agora.xtec.cat\/escolacollserolacerdanyola\/wp-json\/wp\/v2\/tags?post=26271"}],"curies":[{"name":"wp","href":"https:\/\/api.w.org\/{rel}","templated":true}]}}