{"id":26264,"date":"2022-11-15T22:29:21","date_gmt":"2022-11-15T21:29:21","guid":{"rendered":"https:\/\/agora.xtec.cat\/escolacollserolacerdanyola\/?p=26264"},"modified":"2022-11-19T22:37:24","modified_gmt":"2022-11-19T21:37:24","slug":"5e-preparem-la-sortida-al-montseny","status":"publish","type":"post","link":"https:\/\/agora.xtec.cat\/escolacollserolacerdanyola\/de-1r-a-6e\/5e\/5e-preparem-la-sortida-al-montseny\/","title":{"rendered":"5\u00e8 Preparem la sortida al Montseny"},"content":{"rendered":"<p>Al cicle de grans, l&#8217;alumnat ens vam involucrar de forma activa en la preparaci\u00f3 de la sortida al Monseny.<\/p>\n<p>Per grups ens vam organitzar per fer un picnic, on tothom va portar menjar per compartir al migdia. Vam tenir en compte els gustos de cadasc\u00fa i les al\u00b7l\u00e8rgies, vam calcular les quantitats i vam distribu\u00efr el que portaria cadasc\u00fa.<\/p>\n<p>Tamb\u00e9 vam estar investigant diferents aspectes de la sortida:\u00a0 durada del trajecte, ruta de l&#8217;excursi\u00f3, animals o rastres que podriem veure, la vegetaci\u00f3 de la zona&#8230;<\/p>\n<p><a href=\"https:\/\/photos.app.goo.gl\/bcYmdzRQyRHaVns19\">5\u00e8 Preparem la sortida al Montseny<\/a><\/p>\n","protected":false},"excerpt":{"rendered":"<p>Al cicle de grans, l&#8217;alumnat ens vam involucrar de forma activa en la preparaci\u00f3 de la sortida al Monseny.<br \/>\nPer grups ens vam organitzar per fer un picnic, on tothom va portar menjar per compartir al migdia. Vam tenir en compte els gustos de cadasc\u00fa i&hellip;  <a href=\"https:\/\/agora.xtec.cat\/escolacollserolacerdanyola\/de-1r-a-6e\/5e\/5e-preparem-la-sortida-al-montseny\/\" title=\"Read 5\u00e8 Preparem la sortida al Montseny\">Llegeix m\u00e9s\u00bb<\/a><\/p>\n","protected":false},"author":9,"featured_media":26266,"comment_status":"open","ping_status":"closed","sticky":false,"template":"","format":"standard","meta":{"_bbp_topic_count":0,"_bbp_reply_count":0,"_bbp_total_topic_count":0,"_bbp_total_reply_count":0,"_bbp_voice_count":0,"_bbp_anonymous_reply_count":0,"_bbp_topic_count_hidden":0,"_bbp_reply_count_hidden":0,"_bbp_forum_subforum_count":0,"footnotes":""},"categories":[14,86,93],"tags":[],"class_list":["post-26264","post","type-post","status-publish","format-standard","has-post-thumbnail","hentry","category-5e","category-grans","category-sortides"],"post_mailing_queue_ids":[],"_links":{"self":[{"href":"https:\/\/agora.xtec.cat\/escolacollserolacerdanyola\/wp-json\/wp\/v2\/posts\/26264","targetHints":{"allow":["GET"]}}],"collection":[{"href":"https:\/\/agora.xtec.cat\/escolacollserolacerdanyola\/wp-json\/wp\/v2\/posts"}],"about":[{"href":"https:\/\/agora.xtec.cat\/escolacollserolacerdanyola\/wp-json\/wp\/v2\/types\/post"}],"author":[{"embeddable":true,"href":"https:\/\/agora.xtec.cat\/escolacollserolacerdanyola\/wp-json\/wp\/v2\/users\/9"}],"replies":[{"embeddable":true,"href":"https:\/\/agora.xtec.cat\/escolacollserolacerdanyola\/wp-json\/wp\/v2\/comments?post=26264"}],"version-history":[{"count":2,"href":"https:\/\/agora.xtec.cat\/escolacollserolacerdanyola\/wp-json\/wp\/v2\/posts\/26264\/revisions"}],"predecessor-version":[{"id":26267,"href":"https:\/\/agora.xtec.cat\/escolacollserolacerdanyola\/wp-json\/wp\/v2\/posts\/26264\/revisions\/26267"}],"wp:featuredmedia":[{"embeddable":true,"href":"https:\/\/agora.xtec.cat\/escolacollserolacerdanyola\/wp-json\/wp\/v2\/media\/26266"}],"wp:attachment":[{"href":"https:\/\/agora.xtec.cat\/escolacollserolacerdanyola\/wp-json\/wp\/v2\/media?parent=26264"}],"wp:term":[{"taxonomy":"category","embeddable":true,"href":"https:\/\/agora.xtec.cat\/escolacollserolacerdanyola\/wp-json\/wp\/v2\/categories?post=26264"},{"taxonomy":"post_tag","embeddable":true,"href":"https:\/\/agora.xtec.cat\/escolacollserolacerdanyola\/wp-json\/wp\/v2\/tags?post=26264"}],"curies":[{"name":"wp","href":"https:\/\/api.w.org\/{rel}","templated":true}]}}